{"id":1446,"date":"2012-01-19T09:39:03","date_gmt":"2012-01-19T09:39:03","guid":{"rendered":"http:\/\/www.manifestacom.com\/honda-preve-incrementar-sus-ventas-para-2012-en-un-20\/"},"modified":"2017-05-18T17:03:15","modified_gmt":"2017-05-18T17:03:15","slug":"honda-preve-incrementar-sus-ventas-para-2012-en-un-20","status":"publish","type":"post","link":"https:\/\/www.manifestacom.com\/es\/honda-preve-incrementar-sus-ventas-para-2012-en-un-20\/","title":{"rendered":"Honda prev\u00e9 incrementar sus ventas para 2012 en un 20%"},"content":{"rendered":"<p style=\"text-align: justify;\"><strong><a href=\"http:\/\/www.honda.es\/car\/content\/index.fsp\" target=\"_blank\">Honda Autom\u00f3viles Espa\u00f1a<\/a><\/strong> ha cerrado el a\u00f1o 2011 con unas ventas de 8.304 unidades, protagonizadas principalmente por los modelos Civic, CR-V y Accord, los m\u00e1s vendidos por la marca en el mercado espa\u00f1ol. La <strong><a href=\"http:\/\/www.eleconomista.es\/ecomotor\/motor\/noticias\/3678103\/01\/12\/Economia-Motor-Honda-preve-elevar-sus-ventas-en-Espana-un-30-este-ano-con-11000-unidades.html\" target=\"_blank\">compa\u00f1\u00eda<\/a><\/strong> tiene previsto un incremento del 20% de las ventas para este 2012, hasta alcanzar las 10.000 unidades, con el lanzamiento de la novena generaci\u00f3n del Honda Civic, en el mes de febrero, la renovaci\u00f3n del Honda Accord y la llegada del nuevo Honda CR-V en oto\u00f1o.<\/p>\n<p style=\"text-align: justify;\">Honda ha consolidado su objetivo de ofrecer la motorizaci\u00f3n h\u00edbrida como una opci\u00f3n m\u00e1s con el lanzamiento del Jazz Hybrid, en oto\u00f1o de 2011, que sumado al CR-Z y al Insight la posicionan como una de las marcas del mercado espa\u00f1ol con m\u00e1s modelos h\u00edbridos en su gama. La compa\u00f1\u00eda avanza as\u00ed en su apuesta por una movilidad sostenible que incluye, adem\u00e1s, el lanzamiento del veh\u00edculo el\u00e9ctrico de bater\u00edas en Jap\u00f3n y Estados Unidos este mismo a\u00f1o 2012, el trabajo de desarrollo de los h\u00edbridos enchufables y el liderazgo en el veh\u00edculo el\u00e9ctrico de pila de combustible.<\/p>\n<p><a href=\"http:\/\/www.manifestacom.com\/2012\/01\/19\/honda_incrementa_vendes\/honda-cr-v\/\" rel=\"attachment wp-att-749\"><img loading=\"lazy\" decoding=\"async\" class=\"alignleft size-full wp-image-749\" title=\"Honda CR-V\" src=\"http:\/\/www.manifestacom.com\/wp-content\/uploads\/2012\/01\/honda-cr-v.jpg\" alt=\"\" width=\"256\" height=\"183\" \/><\/a><\/p>\n","protected":false},"excerpt":{"rendered":"<p>Honda Autom\u00f3viles Espa\u00f1a ha cerrado el a\u00f1o 2011 con unas ventas de 8.304 unidades, protagonizadas principalmente por los modelos Civic, CR-V y Accord, los m\u00e1s vendidos por la marca en el mercado espa\u00f1ol. La compa\u00f1\u00eda tiene previsto un incremento del 20% de las ventas para&#8230;<\/p>\n","protected":false},"author":1,"featured_media":1045,"comment_status":"open","ping_status":"open","sticky":false,"template":"","format":"standard","meta":{"footnotes":""},"categories":[423],"tags":[252,224,106],"home_featured":[],"class_list":["post-1446","post","type-post","status-publish","format-standard","has-post-thumbnail","hentry","category-nuestros-clientes","tag-mobilitat","tag-honda","tag-sostenibilitat"],"acf":[],"_links":{"self":[{"href":"https:\/\/www.manifestacom.com\/es\/wp-json\/wp\/v2\/posts\/1446","targetHints":{"allow":["GET"]}}],"collection":[{"href":"https:\/\/www.manifestacom.com\/es\/wp-json\/wp\/v2\/posts"}],"about":[{"href":"https:\/\/www.manifestacom.com\/es\/wp-json\/wp\/v2\/types\/post"}],"author":[{"embeddable":true,"href":"https:\/\/www.manifestacom.com\/es\/wp-json\/wp\/v2\/users\/1"}],"replies":[{"embeddable":true,"href":"https:\/\/www.manifestacom.com\/es\/wp-json\/wp\/v2\/comments?post=1446"}],"version-history":[{"count":1,"href":"https:\/\/www.manifestacom.com\/es\/wp-json\/wp\/v2\/posts\/1446\/revisions"}],"predecessor-version":[{"id":1890,"href":"https:\/\/www.manifestacom.com\/es\/wp-json\/wp\/v2\/posts\/1446\/revisions\/1890"}],"wp:featuredmedia":[{"embeddable":true,"href":"https:\/\/www.manifestacom.com\/es\/wp-json\/wp\/v2\/media\/1045"}],"wp:attachment":[{"href":"https:\/\/www.manifestacom.com\/es\/wp-json\/wp\/v2\/media?parent=1446"}],"wp:term":[{"taxonomy":"category","embeddable":true,"href":"https:\/\/www.manifestacom.com\/es\/wp-json\/wp\/v2\/categories?post=1446"},{"taxonomy":"post_tag","embeddable":true,"href":"https:\/\/www.manifestacom.com\/es\/wp-json\/wp\/v2\/tags?post=1446"},{"taxonomy":"home_featured","embeddable":true,"href":"https:\/\/www.manifestacom.com\/es\/wp-json\/wp\/v2\/home_featured?post=1446"}],"curies":[{"name":"wp","href":"https:\/\/api.w.org\/{rel}","templated":true}]}}