{"id":1447,"date":"2012-11-08T08:19:51","date_gmt":"2012-11-08T08:19:51","guid":{"rendered":"http:\/\/www.manifestacom.com\/ideologia-comunicacion-elecciones-y-cambio-climatico\/"},"modified":"2017-05-08T08:21:16","modified_gmt":"2017-05-08T08:21:16","slug":"ideologia-comunicacion-elecciones-y-cambio-climatico","status":"publish","type":"post","link":"https:\/\/www.manifestacom.com\/es\/ideologia-comunicacion-elecciones-y-cambio-climatico\/","title":{"rendered":"Ideolog\u00eda, comunicaci\u00f3n, elecciones y cambio clim\u00e1tico"},"content":{"rendered":"<p>Dos hechos relacionados con el cambio clim\u00e1tico me han llamado poderosamente la atenci\u00f3n en los \u00faltimos d\u00edas. El primero y m\u00e1s flagrante han sido las declaraciones del Secretario del Estado de Medio Ambiente del gobierno espa\u00f1ol, Federico Ramos, dudando sobre el cambio clim\u00e1tico. El alto funcionario, responsable de una materia tan sensible en la actualidad como es el medio ambiente, hizo las siguientes declaraciones: \u201cEl cambio clim\u00e1tico no lo negamos ni lo afirmamos\u201d, \u201ctenemos un conocimiento cient\u00edfico todav\u00eda incierto en algunos \u00e1mbitos\u201d. Brutal. Sobran los comentarios.<\/p>\n<p>El segundo hecho ha sido el posicionamiento del alcalde de Nueva York y persona cercana al partido republicano, Michael Bloomberg, a favor de la reelecci\u00f3n del Presidente Barack Obama despu\u00e9s de haber comprobado de primera mano los devastadores efectos del hurac\u00e1n Sandy y de admitir que el afroamericano est\u00e1 m\u00e1s convencido y capacitado para luchar contra el cambio clim\u00e1tico. M\u00e1s vale tarde que nunca.<\/p>\n<p>En cualquier caso, que en unos momentos en los que la masa de hielo del Polo Norte se est\u00e1 fundiendo con una rapidez que desborda las previsiones de los cient\u00edficos m\u00e1s optimistas \u2013tal y como demuestran d\u00eda a d\u00eda las im\u00e1genes de los sat\u00e9lites\u2013 haya personas en posiciones de alt\u00edsima responsabilidad que todav\u00eda tengan dudas al respecto, debe inquietarnos profundamente. Ello nos demuestra que la batalla de la comunicaci\u00f3n y de la percepci\u00f3n p\u00fablica en este sentido todav\u00eda no est\u00e1 ganada, y que es necesario seguir invirtiendo tiempo y recursos en el desarrollo de una labor explicativa y pedag\u00f3gica que puede resultar decisiva para salvaguardar el h\u00e1bitat natural tal y como lo conocemos hasta ahora. Desgraciadamente, los prejuicios ideol\u00f3gicos y, atenci\u00f3n, econ\u00f3micos, har\u00e1n que una parte de la opini\u00f3n p\u00fablica y de los l\u00edderes de opini\u00f3n no quiera aceptarlo a\u00fan teniendo a un oso polar dej\u00e1ndoles el peri\u00f3dico en la puerta de casa una ma\u00f1ana cualquiera.<\/p>\n<p>Por cierto, soy perfectamente consciente de cu\u00e1l es \u201cEl tema\u201d (@enricjuliana dixit) de las pr\u00f3ximas elecciones del 25 de noviembre en Catalu\u00f1a. Es evidente, por muchas razones, que \u201cEl tema\u201d debe centrar y capitalizar el debate. Pero tambi\u00e9n lo es que, por su trascendencia para el futuro de la humanidad, ning\u00fan proceso electoral, en ning\u00fan lugar del mundo, deber\u00eda dejar al margen en estos momentos el debate medioambiental. En nuestra casa, de momento, no se ha hecho ni una menci\u00f3n interesante al respecto. Los debates locales, aunque trascendentes, no nos dejan ver los problemas globales. Y as\u00ed est\u00e1 el planeta.<\/p>\n","protected":false},"excerpt":{"rendered":"<p>Dos hechos relacionados con el cambio clim\u00e1tico me han llamado poderosamente la atenci\u00f3n en los \u00faltimos d\u00edas. El primero y m\u00e1s flagrante han sido las declaraciones del Secretario del Estado de Medio Ambiente del gobierno espa\u00f1ol, Federico Ramos, dudando sobre el cambio clim\u00e1tico. El alto&#8230;<\/p>\n","protected":false},"author":1,"featured_media":1048,"comment_status":"open","ping_status":"open","sticky":false,"template":"","format":"standard","meta":{"footnotes":""},"categories":[421],"tags":[272,53,54,66],"home_featured":[],"class_list":["post-1447","post","type-post","status-publish","format-standard","has-post-thumbnail","hentry","category-el-post-es","tag-canvi-climatic","tag-percepcio-publica","tag-politica","tag-comunicacio"],"acf":[],"_links":{"self":[{"href":"https:\/\/www.manifestacom.com\/es\/wp-json\/wp\/v2\/posts\/1447","targetHints":{"allow":["GET"]}}],"collection":[{"href":"https:\/\/www.manifestacom.com\/es\/wp-json\/wp\/v2\/posts"}],"about":[{"href":"https:\/\/www.manifestacom.com\/es\/wp-json\/wp\/v2\/types\/post"}],"author":[{"embeddable":true,"href":"https:\/\/www.manifestacom.com\/es\/wp-json\/wp\/v2\/users\/1"}],"replies":[{"embeddable":true,"href":"https:\/\/www.manifestacom.com\/es\/wp-json\/wp\/v2\/comments?post=1447"}],"version-history":[{"count":1,"href":"https:\/\/www.manifestacom.com\/es\/wp-json\/wp\/v2\/posts\/1447\/revisions"}],"predecessor-version":[{"id":1652,"href":"https:\/\/www.manifestacom.com\/es\/wp-json\/wp\/v2\/posts\/1447\/revisions\/1652"}],"wp:featuredmedia":[{"embeddable":true,"href":"https:\/\/www.manifestacom.com\/es\/wp-json\/wp\/v2\/media\/1048"}],"wp:attachment":[{"href":"https:\/\/www.manifestacom.com\/es\/wp-json\/wp\/v2\/media?parent=1447"}],"wp:term":[{"taxonomy":"category","embeddable":true,"href":"https:\/\/www.manifestacom.com\/es\/wp-json\/wp\/v2\/categories?post=1447"},{"taxonomy":"post_tag","embeddable":true,"href":"https:\/\/www.manifestacom.com\/es\/wp-json\/wp\/v2\/tags?post=1447"},{"taxonomy":"home_featured","embeddable":true,"href":"https:\/\/www.manifestacom.com\/es\/wp-json\/wp\/v2\/home_featured?post=1447"}],"curies":[{"name":"wp","href":"https:\/\/api.w.org\/{rel}","templated":true}]}}