{"id":1449,"date":"2009-11-19T05:37:04","date_gmt":"2009-11-19T05:37:04","guid":{"rendered":"http:\/\/www.manifestacom.com\/inauguracion-de-la-nueva-central-logistica\/"},"modified":"2017-05-11T11:21:58","modified_gmt":"2017-05-11T11:21:58","slug":"inauguracion-de-la-nueva-central-logistica","status":"publish","type":"post","link":"https:\/\/www.manifestacom.com\/es\/inauguracion-de-la-nueva-central-logistica\/","title":{"rendered":"Inauguraci\u00f3n de la nueva central log\u00edstica"},"content":{"rendered":"<p style=\"text-align: justify;\">En presencia del entonces presidente de la Generalitat de Catalunya, Jos\u00e9 Montilla, Abacus inaugur\u00f3 la nueva central log\u00edstica, unas instalaciones con 23.000 m2 de superficie y con infraestructuras capaces de preparar 22.400 l\u00edneas diarias, lo que hace posible trabajar con m\u00e1s de 21.160 art\u00edculos.<\/p>\n","protected":false},"excerpt":{"rendered":"<p>En presencia del entonces presidente de la Generalitat de Catalunya, Jos\u00e9 Montilla, Abacus inaugur\u00f3 la nueva central log\u00edstica, unas instalaciones con 23.000 m2 de superficie y con infraestructuras capaces de preparar 22.400 l\u00edneas diarias, lo que hace posible trabajar con m\u00e1s de 21.160 art\u00edculos.<\/p>\n","protected":false},"author":1,"featured_media":1054,"comment_status":"open","ping_status":"open","sticky":false,"template":"","format":"standard","meta":{"footnotes":""},"categories":[422],"tags":[83],"home_featured":[],"class_list":["post-1449","post","type-post","status-publish","format-standard","has-post-thumbnail","hentry","category-la-noticia-y-el-comentario","tag-abacus"],"acf":[],"_links":{"self":[{"href":"https:\/\/www.manifestacom.com\/es\/wp-json\/wp\/v2\/posts\/1449","targetHints":{"allow":["GET"]}}],"collection":[{"href":"https:\/\/www.manifestacom.com\/es\/wp-json\/wp\/v2\/posts"}],"about":[{"href":"https:\/\/www.manifestacom.com\/es\/wp-json\/wp\/v2\/types\/post"}],"author":[{"embeddable":true,"href":"https:\/\/www.manifestacom.com\/es\/wp-json\/wp\/v2\/users\/1"}],"replies":[{"embeddable":true,"href":"https:\/\/www.manifestacom.com\/es\/wp-json\/wp\/v2\/comments?post=1449"}],"version-history":[{"count":1,"href":"https:\/\/www.manifestacom.com\/es\/wp-json\/wp\/v2\/posts\/1449\/revisions"}],"predecessor-version":[{"id":1868,"href":"https:\/\/www.manifestacom.com\/es\/wp-json\/wp\/v2\/posts\/1449\/revisions\/1868"}],"wp:featuredmedia":[{"embeddable":true,"href":"https:\/\/www.manifestacom.com\/es\/wp-json\/wp\/v2\/media\/1054"}],"wp:attachment":[{"href":"https:\/\/www.manifestacom.com\/es\/wp-json\/wp\/v2\/media?parent=1449"}],"wp:term":[{"taxonomy":"category","embeddable":true,"href":"https:\/\/www.manifestacom.com\/es\/wp-json\/wp\/v2\/categories?post=1449"},{"taxonomy":"post_tag","embeddable":true,"href":"https:\/\/www.manifestacom.com\/es\/wp-json\/wp\/v2\/tags?post=1449"},{"taxonomy":"home_featured","embeddable":true,"href":"https:\/\/www.manifestacom.com\/es\/wp-json\/wp\/v2\/home_featured?post=1449"}],"curies":[{"name":"wp","href":"https:\/\/api.w.org\/{rel}","templated":true}]}}