{"id":1451,"date":"2015-01-19T14:07:16","date_gmt":"2015-01-19T14:07:16","guid":{"rendered":"http:\/\/www.manifestacom.com\/internet-en-2014-menos-llibre-y-mas-desigual-segun-el-web-index\/"},"modified":"2017-05-11T11:18:10","modified_gmt":"2017-05-11T11:18:10","slug":"internet-en-2014-menos-llibre-y-mas-desigual-segun-el-web-index","status":"publish","type":"post","link":"https:\/\/www.manifestacom.com\/es\/internet-en-2014-menos-llibre-y-mas-desigual-segun-el-web-index\/","title":{"rendered":"Internet en 2014: menos llibre y m\u00e1s desigual, seg\u00fan el Web Index"},"content":{"rendered":"<p>La edici\u00f3n 2014 de <a href=\"http:\/\/thewebindex.org\/\" target=\"_blank\">Web Index<\/a> advierte que la red ha sido en 2014 m\u00e1s desigual y menos libre. El estudio anual de la World Wide Web Foundation mide la evoluci\u00f3n del uso de los servicios de Internet y su contribuci\u00f3n al progreso social, pol\u00edtico y econ\u00f3mico en 86 pa\u00edses.<\/p>\n<p>En la \u00faltima edici\u00f3n, <a href=\"http:\/\/thewebindex.org\/wp-content\/uploads\/2014\/12\/WI-PR-2014-SP.pdf\" target=\"_blank\">destaca <\/a>el ascenso de la vigilancia gubernamental indiscriminada, la censura online y los riesgos para la neutralidad de la red. Los pa\u00edses escandinavos, estados con los niveles m\u00e1s elevados de riqueza, bajos niveles de desigualdad y una fuerte protecci\u00f3n de las libertades civiles, han vuelto a encabezar el \u00edndice como los estados que est\u00e1n consiguiendo los mayores beneficios sociales y econ\u00f3micos de la red.<\/p>\n<p>El informe tambi\u00e9n subraya que casi el 60% de la poblaci\u00f3n mundial no tiene acceso a Internet y la mitad de todos los usuarios de la red viven en pa\u00edses que restringen gravemente los derechos online: \u201c300 millones de personas no cuentan con acceso a Internet y al menos 1.800 millones se encuentran con violaciones graves de sus derechos a la privacidad y la libertad de expresi\u00f3n en el entorno digital. 225 millones viven en pa\u00edses donde la capacidad monetaria podr\u00eda limitar contenidos y servicios a los que pueden acceder\u201d, concreta.<\/p>\n<p>Tim Berners-Lee, inventor de la red y fundador de la World Wide Web Foundation, ha aprovechado la ocasi\u00f3n para pedir que el acceso a Internet sea reconocido como un derecho humano.<\/p>\n<p>El \u00edndice y el informe completos est\u00e1n disponibles en la p\u00e1gina <a href=\"http:\/\/thewebindex.org\/\" target=\"_blank\">www.thewebindex.org<\/a>.<\/p>\n","protected":false},"excerpt":{"rendered":"<p>La edici\u00f3n 2014 de Web Index advierte que la red ha sido en 2014 m\u00e1s desigual y menos libre. El estudio anual de la World Wide Web Foundation mide la evoluci\u00f3n del uso de los servicios de Internet y su contribuci\u00f3n al progreso social, pol\u00edtico&#8230;<\/p>\n","protected":false},"author":1,"featured_media":977,"comment_status":"open","ping_status":"open","sticky":false,"template":"","format":"standard","meta":{"footnotes":""},"categories":[422],"tags":[443,437,280,241],"home_featured":[],"class_list":["post-1451","post","type-post","status-publish","format-standard","has-post-thumbnail","hentry","category-la-noticia-y-el-comentario","tag-xarxes-socials-es","tag-internet-es","tag-igualtat","tag-web-index"],"acf":[],"_links":{"self":[{"href":"https:\/\/www.manifestacom.com\/es\/wp-json\/wp\/v2\/posts\/1451","targetHints":{"allow":["GET"]}}],"collection":[{"href":"https:\/\/www.manifestacom.com\/es\/wp-json\/wp\/v2\/posts"}],"about":[{"href":"https:\/\/www.manifestacom.com\/es\/wp-json\/wp\/v2\/types\/post"}],"author":[{"embeddable":true,"href":"https:\/\/www.manifestacom.com\/es\/wp-json\/wp\/v2\/users\/1"}],"replies":[{"embeddable":true,"href":"https:\/\/www.manifestacom.com\/es\/wp-json\/wp\/v2\/comments?post=1451"}],"version-history":[{"count":1,"href":"https:\/\/www.manifestacom.com\/es\/wp-json\/wp\/v2\/posts\/1451\/revisions"}],"predecessor-version":[{"id":1863,"href":"https:\/\/www.manifestacom.com\/es\/wp-json\/wp\/v2\/posts\/1451\/revisions\/1863"}],"wp:featuredmedia":[{"embeddable":true,"href":"https:\/\/www.manifestacom.com\/es\/wp-json\/wp\/v2\/media\/977"}],"wp:attachment":[{"href":"https:\/\/www.manifestacom.com\/es\/wp-json\/wp\/v2\/media?parent=1451"}],"wp:term":[{"taxonomy":"category","embeddable":true,"href":"https:\/\/www.manifestacom.com\/es\/wp-json\/wp\/v2\/categories?post=1451"},{"taxonomy":"post_tag","embeddable":true,"href":"https:\/\/www.manifestacom.com\/es\/wp-json\/wp\/v2\/tags?post=1451"},{"taxonomy":"home_featured","embeddable":true,"href":"https:\/\/www.manifestacom.com\/es\/wp-json\/wp\/v2\/home_featured?post=1451"}],"curies":[{"name":"wp","href":"https:\/\/api.w.org\/{rel}","templated":true}]}}