{"id":1453,"date":"2012-02-27T10:31:30","date_gmt":"2012-02-27T10:31:30","guid":{"rendered":"http:\/\/www.manifestacom.com\/la-aldea-sale-adelante\/"},"modified":"2017-05-09T11:21:54","modified_gmt":"2017-05-09T11:21:54","slug":"la-aldea-sale-adelante","status":"publish","type":"post","link":"https:\/\/www.manifestacom.com\/es\/la-aldea-sale-adelante\/","title":{"rendered":"La Aldea sale adelante"},"content":{"rendered":"<p>Las bajas temperaturas que este mes de febrero han provocado p\u00e9rdidas millonarias en muchas zonas de producci\u00f3n hort\u00edcola de Catalu\u00f1a han pasado de largo de la <a href=\"http:\/\/www.ara.cat\/societat\/Aldea-collites-cooperativa-verdures_0_653334800.html\" target=\"_blank\">Aldea<\/a>, en el Baix Camp, un hecho que ha permitido que las cosechas que se trabajan estos d\u00edas en la zona no se hayan visto afectadas y que la Aldea haya salvado casi el 100% de la producci\u00f3n.<\/p>\n<p>Los precios de venta, que han llegado a duplicarse debido a la escasez de verduras que han dejado las heladas, supondr\u00e1n unos ingresos adicionales para la cooperativa. Unos ingresos que suponen un bal\u00f3n de oxigeno para la Aldea y que permiten mejorar su viabilidad, mientras el departamento de Econom\u00eda continua trabajado en un plan de viabilidad que ha de tener listo este mes de marzo.<\/p>\n<p>Una buena noticia para el mundo cooperativista, una forma diferente de hacer empresa a la que a menudo no se le presta suficiente atenci\u00f3n por parte de la opini\u00f3n p\u00fablica. Adem\u00e1s, este 2012 es el <a href=\"http:\/\/www.2012.coop\/en\" target=\"_blank\">A\u00f1o Internacional de las Cooperativas<\/a>, una oportunidad excelente para promover esta f\u00f3rmula de emprendedur\u00eda y de econom\u00eda social.<\/p>\n","protected":false},"excerpt":{"rendered":"<p>Las bajas temperaturas que este mes de febrero han provocado p\u00e9rdidas millonarias en muchas zonas de producci\u00f3n hort\u00edcola de Catalu\u00f1a han pasado de largo de la Aldea, en el Baix Camp, un hecho que ha permitido que las cosechas que se trabajan estos d\u00edas en&#8230;<\/p>\n","protected":false},"author":1,"featured_media":0,"comment_status":"open","ping_status":"open","sticky":false,"template":"","format":"standard","meta":{"footnotes":""},"categories":[422],"tags":[],"home_featured":[],"class_list":["post-1453","post","type-post","status-publish","format-standard","hentry","category-la-noticia-y-el-comentario"],"acf":[],"_links":{"self":[{"href":"https:\/\/www.manifestacom.com\/es\/wp-json\/wp\/v2\/posts\/1453","targetHints":{"allow":["GET"]}}],"collection":[{"href":"https:\/\/www.manifestacom.com\/es\/wp-json\/wp\/v2\/posts"}],"about":[{"href":"https:\/\/www.manifestacom.com\/es\/wp-json\/wp\/v2\/types\/post"}],"author":[{"embeddable":true,"href":"https:\/\/www.manifestacom.com\/es\/wp-json\/wp\/v2\/users\/1"}],"replies":[{"embeddable":true,"href":"https:\/\/www.manifestacom.com\/es\/wp-json\/wp\/v2\/comments?post=1453"}],"version-history":[{"count":1,"href":"https:\/\/www.manifestacom.com\/es\/wp-json\/wp\/v2\/posts\/1453\/revisions"}],"predecessor-version":[{"id":1771,"href":"https:\/\/www.manifestacom.com\/es\/wp-json\/wp\/v2\/posts\/1453\/revisions\/1771"}],"wp:attachment":[{"href":"https:\/\/www.manifestacom.com\/es\/wp-json\/wp\/v2\/media?parent=1453"}],"wp:term":[{"taxonomy":"category","embeddable":true,"href":"https:\/\/www.manifestacom.com\/es\/wp-json\/wp\/v2\/categories?post=1453"},{"taxonomy":"post_tag","embeddable":true,"href":"https:\/\/www.manifestacom.com\/es\/wp-json\/wp\/v2\/tags?post=1453"},{"taxonomy":"home_featured","embeddable":true,"href":"https:\/\/www.manifestacom.com\/es\/wp-json\/wp\/v2\/home_featured?post=1453"}],"curies":[{"name":"wp","href":"https:\/\/api.w.org\/{rel}","templated":true}]}}