{"id":1454,"date":"2015-02-26T05:06:36","date_gmt":"2015-02-26T05:06:36","guid":{"rendered":"http:\/\/www.manifestacom.com\/asia-la-vanguardia-de-la-moda-y-el-mercado-de-los-selfies\/"},"modified":"2017-05-08T14:14:36","modified_gmt":"2017-05-08T14:14:36","slug":"asia-la-vanguardia-de-la-moda-y-el-mercado-de-los-selfies","status":"publish","type":"post","link":"https:\/\/www.manifestacom.com\/es\/asia-la-vanguardia-de-la-moda-y-el-mercado-de-los-selfies\/","title":{"rendered":"Asia: la vanguardia de la moda, y el mercado, de los selfies"},"content":{"rendered":"<p><a href=\"http:\/\/www.manifestacom.com\/wp-content\/uploads\/2015\/02\/Lee_Myung-Bak_and_Ji_So-Yun.jpg\"><img loading=\"lazy\" decoding=\"async\" class=\"aligncenter size-medium wp-image-2763\" title=\"Lee_Myung-Bak_and_Ji_So-Yun\" src=\"http:\/\/www.manifestacom.com\/wp-content\/uploads\/2015\/02\/Lee_Myung-Bak_and_Ji_So-Yun-580x386.jpg\" alt=\"\" width=\"580\" height=\"386\" \/><\/a>El fen\u00f3meno de los <em>selfies<\/em> (hasta hace pocos simplemente autofotos) es global, de eso ya no nos queda ninguna duda. En Asia, sin embargo, es un movimiento extremadamente popular que crece por momentos. \u00bfEst\u00e1 Asia marcando la tendencia de lo que llegar\u00e1 a Europa en un futuro pr\u00f3ximo? Es complicado saberlo, pero no est\u00e1 de m\u00e1s echarle un ojo.<\/p>\n<p>En marzo del 2014, la revista Time hizo un ranking de las \u201c<a href=\"http:\/\/time.com\/selfies-cities-world-rankings\/\" target=\"_blank\">selfiest cities<\/a>\u201c, las ciudades del mundo donde la gente se hace m\u00e1s autofotos, con datos de Instagram. Las ganadoras fueron Makati y Pasig City, en Filipinas. Cuatro ciudades asi\u00e1ticas se situaron entre las diez primeras posiciones. En Asia, la cultura <em>selfie<\/em> lo invade todo y ha inspirado desde campa\u00f1as de marketing hasta gadgets tecnol\u00f3gicos espec\u00edficos. Os introducimos algunas de las curiosas batallas, inventos y modas que est\u00e1n marcando el mercado tecnol\u00f3gico en el continente.<\/p>\n<p>2014 fue el a\u00f1o de la llegada del <em>selfie<\/em> al marketing en todo el mundo. Comenz\u00f3 con el gran \u00e9xito del <em>selfie<\/em> de Samsung en los \u00d3scars y continu\u00f3 muy fuerte, tambi\u00e9n en Asia. Por ejemplo, Max Factor en China lanz\u00f3 una campa\u00f1a en redes sociales para recoger maneras de combinar el maquillaje con las mascarillas anti-contaminaci\u00f3n.<\/p>\n<p>Las grandes marcas asi\u00e1ticas de tecnolog\u00eda tienen un frente abierto por tener la mejor c\u00e1mara frontal, que se traduce en una batalla por los nombres. La china Huawei ha solicitado la marca registrada del concepto \u2018groufie\u2019, un <em>selfie<\/em> de grupo, mientras que la coreana Samsung apuesta por el t\u00e9rmino \u2018wefie\u2019 para designar lo mismo.<\/p>\n<p>Los <em>selfie-sticks<\/em>, palos para enganchar la c\u00e1mara en un extremo y disparar fotos con un mando a distancia, se han hecho tan populares que el gobierno de Korea ha tenido que prohibir los que utilizaban Bluetooth sin la correspondiente licencia.<\/p>\n<p>En muchos pa\u00edses asi\u00e1ticos, las aplicaciones para retocar los <em>selfies<\/em> hace a\u00f1os que son populares: ojos agrandados para imitar la cara occidental, piel enblanquecida y caras m\u00e1s finas. Ahora ha surgido la \u2018contra-app\u2019, una aplicaci\u00f3n japonesa llamada <a href=\"http:\/\/thenanfang.com\/popular-new-app-in-china-removes-selfie-touch-ups-to-show-whats-really-underneath\/\" target=\"_blank\">Primo <\/a>que destapa la supuesta apariencia original oculta en las fotos retocadas.<\/p>\n<p>En Tailandia, la usuaria de Instagram <a href=\"https:\/\/instagram.com\/mortao\/\" target=\"_blank\">Mortaor Maotor<\/a>, con m\u00e1s de 18,000 fotos publicadas (la gran mayor\u00eda de s\u00ed misma), ha sido repetidamente llamada por la prensa la \u201c<a href=\"http:\/\/time.com\/3079473\/selfie-queen\/\" target=\"_blank\">selfie queen<\/a>\u201d mundial. La red social Instagram, combinada con el fen\u00f3meno <em>selfie<\/em>, es el pasatiempo m\u00e1s popular del pa\u00eds. Incluso tienen lugar movimientos de protesta pol\u00edtica, como cuando tras el golpe de estado del mayo de 2014 los usuarios salieron a la calle a hacerse <a href=\"http:\/\/es.globalvoicesonline.org\/2014\/06\/01\/autofotos-del-golpe-de-estado-tailandes-lo-bueno-lo-malo-y-lo-feo\/\" target=\"_blank\">selfies inapropiadamente sonrientes<\/a> con los soldados en respuesta a la prohibici\u00f3n del gobierno de hacer reuniones de m\u00e1s de cinco personas.<\/p>\n<p>Los <em>selfies<\/em> parciales, que muestran otras partes del cuerpo pero esconden la cara, es otra tendencia curiosa. En Jap\u00f3n, las mujeres de la subcultura gyaru pusieron de moda los retratos con la mirada baja, conocidos en ingl\u00e9s como <a href=\"http:\/\/www.cosmopolitan.co.uk\/beauty-hair\/beauty-trends\/a24937\/japan-photo-trend-face-down-pose\/\" target=\"_blank\"><em>hairies<\/em><\/a>, <em>hair smiles<\/em> o <em>face down pose<\/em>. Una contra-moda de este nuevo tipo de retratos parciales glamurosos es el <a href=\"http:\/\/shanghaiist.com\/2014\/08\/03\/armpit-hair-selfies.php\" target=\"_blank\">concurso online<\/a> que se hizo viral en China, en el que las chicas mostraban las axilas.<\/p>\n<p>En nuestro pa\u00eds, aunque de momento el fen\u00f3meno no es tan fuerte ni tan diverso, algunas modas y tecnolog\u00edas relacionadas ya est\u00e1n llegando, con las correspondientes bromas aut\u00f3ctonas, como la noticia sat\u00edrica del <a href=\"http:\/\/www.elmundotoday.com\/2015\/01\/venden-un-palo-suplementario-para-que-el-palo-de-hacer-selfies-tambien-salga-en-la-foto\/\" target=\"_blank\">Mundo Today<\/a> que informa de la invenci\u00f3n de \u201cun palo suplementario para que el palo de hacer <em>selfies<\/em> tamb\u00e9 salga en la foto \u201co este \u201c<a href=\"https:\/\/www.facebook.com\/eugeni.alemany\/photos\/a.1410660555833408.1073741831.1406383729594424\/1595730613993067\/?type=1&amp;fref=nf&amp;pnref=story\" target=\"_blank\">palo de hacer<\/a> <em>selfies<\/em>\u201d rural, \u201cconstruido con madera de naranjo\u201d, del humorista valenciano Eugeni Alemany.<\/p>\n","protected":false},"excerpt":{"rendered":"<p>El fen\u00f3meno de los selfies (hasta hace pocos simplemente autofotos) es global, de eso ya no nos queda ninguna duda. En Asia, sin embargo, es un movimiento extremadamente popular que crece por momentos. \u00bfEst\u00e1 Asia marcando la tendencia de lo que llegar\u00e1 a Europa en&#8230;<\/p>\n","protected":false},"author":1,"featured_media":1065,"comment_status":"open","ping_status":"open","sticky":false,"template":"","format":"standard","meta":{"footnotes":""},"categories":[421],"tags":[282,283,284,49],"home_featured":[],"class_list":["post-1454","post","type-post","status-publish","format-standard","has-post-thumbnail","hentry","category-el-post-es","tag-asia","tag-selfies","tag-smartphones","tag-xarxes-socials"],"acf":[],"_links":{"self":[{"href":"https:\/\/www.manifestacom.com\/es\/wp-json\/wp\/v2\/posts\/1454","targetHints":{"allow":["GET"]}}],"collection":[{"href":"https:\/\/www.manifestacom.com\/es\/wp-json\/wp\/v2\/posts"}],"about":[{"href":"https:\/\/www.manifestacom.com\/es\/wp-json\/wp\/v2\/types\/post"}],"author":[{"embeddable":true,"href":"https:\/\/www.manifestacom.com\/es\/wp-json\/wp\/v2\/users\/1"}],"replies":[{"embeddable":true,"href":"https:\/\/www.manifestacom.com\/es\/wp-json\/wp\/v2\/comments?post=1454"}],"version-history":[{"count":1,"href":"https:\/\/www.manifestacom.com\/es\/wp-json\/wp\/v2\/posts\/1454\/revisions"}],"predecessor-version":[{"id":1704,"href":"https:\/\/www.manifestacom.com\/es\/wp-json\/wp\/v2\/posts\/1454\/revisions\/1704"}],"wp:featuredmedia":[{"embeddable":true,"href":"https:\/\/www.manifestacom.com\/es\/wp-json\/wp\/v2\/media\/1065"}],"wp:attachment":[{"href":"https:\/\/www.manifestacom.com\/es\/wp-json\/wp\/v2\/media?parent=1454"}],"wp:term":[{"taxonomy":"category","embeddable":true,"href":"https:\/\/www.manifestacom.com\/es\/wp-json\/wp\/v2\/categories?post=1454"},{"taxonomy":"post_tag","embeddable":true,"href":"https:\/\/www.manifestacom.com\/es\/wp-json\/wp\/v2\/tags?post=1454"},{"taxonomy":"home_featured","embeddable":true,"href":"https:\/\/www.manifestacom.com\/es\/wp-json\/wp\/v2\/home_featured?post=1454"}],"curies":[{"name":"wp","href":"https:\/\/api.w.org\/{rel}","templated":true}]}}