{"id":1457,"date":"2014-06-16T11:23:57","date_gmt":"2014-06-16T11:23:57","guid":{"rendered":"http:\/\/www.manifestacom.com\/la-campana-de-ikea-en-valencia-ellos-no-son-tontos\/"},"modified":"2017-05-08T17:22:43","modified_gmt":"2017-05-08T17:22:43","slug":"la-campana-de-ikea-en-valencia-ellos-no-son-tontos","status":"publish","type":"post","link":"https:\/\/www.manifestacom.com\/es\/la-campana-de-ikea-en-valencia-ellos-no-son-tontos\/","title":{"rendered":"La campa\u00f1a de Ikea en Valencia: ellos no son \u201ctontos\u201d"},"content":{"rendered":"<p>Despu\u00e9s de m\u00e1s de una d\u00e9cada de negociaciones por el recelo de la industria local del mueble, esta semana Ikea <a href=\"http:\/\/www.expansion.com\/2014\/03\/06\/valencia\/1394105808.html\" target=\"_blank\">abre <\/a>su primera tienda en Valencia. Antes de la inauguraci\u00f3n, la multinacional sueca ha calentado el ambiente con una <a href=\"https:\/\/www.youtube.com\/watch?v=LQTrp72o6Z8\" target=\"_blank\">campa\u00f1a <\/a>que pretende acercar la marca a los consumidores valencianos.<\/p>\n<p>\u201cCl\u00f2txina\u201d, \u201cfestejar\u201d, \u201ccatxirulo\u201d, \u201cfotrac\u00e0\u201d, \u201ctira-li\u201d\u2026 \u00a0El anuncio muestra a un empleado valenciano de Ikea que viaja a Estocolmo y ense\u00f1a palabras y expresiones valencianas a sus compa\u00f1eros suecos. \u201cPorque si vosotros os aprend\u00e9is tanta palabra sueca, lo suyo es que nosotros hagamos tambi\u00e9n lo mismo\u201d, dice el v\u00eddeo, hecho \u00fanicamente en castellano.<\/p>\n<p>Aunque, contrariamente a lo que la multinacional ha hecho en <a href=\"http:\/\/ca.ikea.com\/es\/ca\/store\/badalona\" target=\"_blank\">Catalu\u00f1a<\/a>, el <a href=\"http:\/\/eu.ikea.com\/es\/eu\/store\/barakaldo\/storeInfo\" target=\"_blank\">Pa\u00eds Vasco<\/a> y <a href=\"http:\/\/www.ikea.com\/es\/es\/store\/acoruna\" target=\"_blank\">Galicia<\/a>, la p\u00e1gina web de <a href=\"http:\/\/www.ikea.com\/es\/es\/store\/valencia\" target=\"_blank\">Ikea Valencia<\/a> y el propio anuncio est\u00e1n hechos \u00fanicamente en castellano, en las redes sociales incluso usuarios que no simpatizan con la marca han admitido que la campa\u00f1a les ha tocado la fibra sensible (que en Valencia es a menudo la lengua). Bien jugada.<\/p>\n<p><iframe loading=\"lazy\" src=\"\/\/www.youtube.com\/embed\/LQTrp72o6Z8\" width=\"560\" height=\"315\" frameborder=\"0\"><\/iframe><\/p>\n","protected":false},"excerpt":{"rendered":"<p>Despu\u00e9s de m\u00e1s de una d\u00e9cada de negociaciones por el recelo de la industria local del mueble, esta semana Ikea abre su primera tienda en Valencia. Antes de la inauguraci\u00f3n, la multinacional sueca ha calentado el ambiente con una campa\u00f1a que pretende acercar la marca&#8230;<\/p>\n","protected":false},"author":1,"featured_media":1080,"comment_status":"open","ping_status":"open","sticky":false,"template":"","format":"standard","meta":{"footnotes":""},"categories":[422],"tags":[296,297,220,197],"home_featured":[],"class_list":["post-1457","post","type-post","status-publish","format-standard","has-post-thumbnail","hentry","category-la-noticia-y-el-comentario","tag-ikea","tag-valencia","tag-llengua","tag-campanyes"],"acf":[],"_links":{"self":[{"href":"https:\/\/www.manifestacom.com\/es\/wp-json\/wp\/v2\/posts\/1457","targetHints":{"allow":["GET"]}}],"collection":[{"href":"https:\/\/www.manifestacom.com\/es\/wp-json\/wp\/v2\/posts"}],"about":[{"href":"https:\/\/www.manifestacom.com\/es\/wp-json\/wp\/v2\/types\/post"}],"author":[{"embeddable":true,"href":"https:\/\/www.manifestacom.com\/es\/wp-json\/wp\/v2\/users\/1"}],"replies":[{"embeddable":true,"href":"https:\/\/www.manifestacom.com\/es\/wp-json\/wp\/v2\/comments?post=1457"}],"version-history":[{"count":1,"href":"https:\/\/www.manifestacom.com\/es\/wp-json\/wp\/v2\/posts\/1457\/revisions"}],"predecessor-version":[{"id":1718,"href":"https:\/\/www.manifestacom.com\/es\/wp-json\/wp\/v2\/posts\/1457\/revisions\/1718"}],"wp:featuredmedia":[{"embeddable":true,"href":"https:\/\/www.manifestacom.com\/es\/wp-json\/wp\/v2\/media\/1080"}],"wp:attachment":[{"href":"https:\/\/www.manifestacom.com\/es\/wp-json\/wp\/v2\/media?parent=1457"}],"wp:term":[{"taxonomy":"category","embeddable":true,"href":"https:\/\/www.manifestacom.com\/es\/wp-json\/wp\/v2\/categories?post=1457"},{"taxonomy":"post_tag","embeddable":true,"href":"https:\/\/www.manifestacom.com\/es\/wp-json\/wp\/v2\/tags?post=1457"},{"taxonomy":"home_featured","embeddable":true,"href":"https:\/\/www.manifestacom.com\/es\/wp-json\/wp\/v2\/home_featured?post=1457"}],"curies":[{"name":"wp","href":"https:\/\/api.w.org\/{rel}","templated":true}]}}