{"id":1458,"date":"2014-06-13T10:46:59","date_gmt":"2014-06-13T10:46:59","guid":{"rendered":"http:\/\/www.manifestacom.com\/la-campana-involuntaria-de-blabla-car\/"},"modified":"2017-05-05T10:40:04","modified_gmt":"2017-05-05T10:40:04","slug":"la-campana-involuntaria-de-blabla-car","status":"publish","type":"post","link":"https:\/\/www.manifestacom.com\/es\/la-campana-involuntaria-de-blabla-car\/","title":{"rendered":"La campa\u00f1a involuntaria de Blabla Car"},"content":{"rendered":"<div id=\"attachment_2493\" class=\"wp-caption aligncenter\" style=\"width: 460px;\"><a href=\"http:\/\/www.manifestacom.com\/wp-content\/uploads\/2014\/06\/blablacar2.jpg\"><img loading=\"lazy\" decoding=\"async\" class=\"size-full wp-image-2493\" title=\"blablacar2\" src=\"http:\/\/www.manifestacom.com\/wp-content\/uploads\/2014\/06\/blablacar2.jpg\" alt=\"\" width=\"450\" height=\"270\" \/><\/a><\/p>\n<p class=\"wp-caption-text\">Imagen promocional de Blabla Car modificada a ra\u00edz de la pol\u00e9mica.<\/p>\n<\/div>\n<p>Todo ocurri\u00f3 en pocas horas, pero deja un resultado claro: una campa\u00f1a gratuita para <a href=\"http:\/\/blablacar.es\/\" target=\"_blank\">Blabla Car<\/a>, la plataforma en l\u00ednea para compartir coche.<\/p>\n<p>El lunes el Ministerio de Fomento envi\u00f3 un <a href=\"http:\/\/www.fomento.gob.es\/MFOM\/LANG_CASTELLANO\/GABINETE_COMUNICACION\/NOTICIAS1\/2014\/JUNIO\/140609-03.htm\" target=\"_blank\">comunicado <\/a>en el que recordaba que \u201cla Ley de Ordenaci\u00f3n de los Transportes Terrestres (LOTT) exige que las personas y empresas que realicen transportes de viajeros por cuenta ajena en veh\u00edculos de turismo mediante retribuci\u00f3n econ\u00f3mica se encuentren previamente autorizados por la Administraci\u00f3n\u201d. Y advert\u00eda de la existencia de \u201canuncios en los medios y redes de comunicaci\u00f3n mediante los que diversas empresas hacen p\u00fablica su intenci\u00f3n de poner en marcha plataformas de contrataci\u00f3n de servicios de transporte de viajeros en veh\u00edculos de turismo particulares\u201d. El departmento dirigido por Ana Pastor tambi\u00e9n aprovechaba para recordar las multas previstas por la ley: de hasta 6.000 euros para las personas que realizan el servicio en su veh\u00edculo; hasta 600 euros para los usuarios.<\/p>\n<p>Periodistas y consumidores hicieron la conexi\u00f3n r\u00e1pidamente. Aunque el ministerio no nombraba ninguna plataforma en concreto, la nota del gobierno llegaba un par de d\u00edas antes de la <a href=\"http:\/\/www.rtve.es\/noticias\/20140610\/taxistas-madrid-huelga-este-miercoles-contra-intrusismo-paginas-web-como-uber\/951566.shtml\" target=\"_blank\">huelga <\/a>convocada por asociaciones transportistas, que hace meses que se <a href=\"http:\/\/www.eleconomista.es\/ecomotor\/motor\/noticias\/5749034\/05\/14\/El-sector-del-taxi-y-bus-acusan-de-pirateria-al-transporte-colaborativo-como-BlaBlaCar-o-Uber.html\" target=\"_blank\">quejan <\/a>del impacto de Blabla Car, la popular plataforma en l\u00ednea que pone en contacto conductores particulares y viajeros para compartir veh\u00edculo y gastos, y de la llegada de <a href=\"https:\/\/www.uber.com\/\" target=\"_blank\">Uber<\/a>, una aplicaci\u00f3n recientemente implantada en Barcelona que conecta conductores privados con pasajeros en la ciudad.<\/p>\n<p>La sospecha corri\u00f3 como la p\u00f3lvora: los medios y las <a href=\"https:\/\/twitter.com\/search?q=#blablacar&amp;src=typd\" target=\"_blank\">redes sociales<\/a> se llenaron de titulares y comentarios de alarma: \u00a1\u00bfquieren multarnos por compartir coche?! Blabla Car tard\u00f3 muy poco en publicar una nota tranquilizadora: \u201c<a href=\"http:\/\/m.blablacar.es\/blog\/Compartir-Gastos-es-Legal\" target=\"_blank\">Compartir gastos es legal<\/a>\u201d y la <a href=\"http:\/\/www.ocu.org\/\" target=\"_blank\">Organizaci\u00f3n de Consumidores y Usuarios<\/a> (OCU) pidi\u00f3 \u201creglas claras para el consumo colaborativo\u201d.<\/p>\n<p>Ante esta situci\u00f3n, el director general de transporte terrestre del Ministerio de Fomento, Joaqu\u00edn Del Moral, tuvo que <a href=\"http:\/\/www.europapress.es\/portaltic\/sector\/noticia-fomento-no-multara-servicios-blablacar-uber-20140610154916.html\" target=\"_blank\">aclarar <\/a>el ambiguo comunicado que hab\u00eda dado pie a la alarma. La legislaci\u00f3n (y las multas) s\u00f3lo es aplicacable cuando hay \u201cuna actividad econ\u00f3mica, una remuneraci\u00f3n por la prestaci\u00f3n de estos servicios, y tambi\u00e9n una actividad empresarial\u201d.<\/p>\n<p>As\u00ed pues, parece que el blanco de las advertencias del gobierno es Uber y su equipo de conductores, que cobran por sus servicios, y no Blabla Car. La Generalitat de Catalunya ya ha <a href=\"http:\/\/www.ara.cat\/economia\/Generalitat-sanciona-Uber-multara-conductors_0_1154284805.html\" target=\"_blank\">anunciado <\/a>que pedir\u00e1 a Uber que cese inmediatamente sus actividades. Sin embargo, la Comisi\u00f3n Europea se ha <a href=\"http:\/\/tecnologia.elpais.com\/tecnologia\/2014\/05\/29\/actualidad\/1401358185_763848.html\" target=\"_blank\">pronunciado <\/a>a favor de facilitar la innovaci\u00f3n que representan tanto los servicios para compartir coche como las alternativas al taxi, y se\u00f1al\u00f3 que multar a las usuarios es en todo caso una medida extrema. \u201cNadie dice que los conductores de Uber no tengan que pagar impuestos, respetar las normas y proteger a los consumidores. Pero prohibir Uber no les da la oportunidad de hacer las cosas bien\u201d, dijo a Efe Ryan Heath, portavoz comunitario de Agenda Digital.<\/p>\n<p>Blabla Car queda pues enmarcada en el \u00e1mbito privado de los acuerdos individuales facilitados por la tecnolog\u00eda, se salva del debate y se lleva una campa\u00f1a no buscada pero que muy probablemente le resultar\u00e1 beneficiosa.<\/p>\n","protected":false},"excerpt":{"rendered":"<p>Imagen promocional de Blabla Car modificada a ra\u00edz de la pol\u00e9mica. Todo ocurri\u00f3 en pocas horas, pero deja un resultado claro: una campa\u00f1a gratuita para Blabla Car, la plataforma en l\u00ednea para compartir coche. El lunes el Ministerio de Fomento envi\u00f3 un comunicado en el&#8230;<\/p>\n","protected":false},"author":1,"featured_media":1083,"comment_status":"open","ping_status":"open","sticky":false,"template":"","format":"standard","meta":{"footnotes":""},"categories":[421],"tags":[298,299,261,111,114],"home_featured":[],"class_list":["post-1458","post","type-post","status-publish","format-standard","has-post-thumbnail","hentry","category-el-post-es","tag-blabla-car","tag-relacions-institucionals","tag-transport","tag-comunicacio-institucional","tag-innovacio"],"acf":[],"_links":{"self":[{"href":"https:\/\/www.manifestacom.com\/es\/wp-json\/wp\/v2\/posts\/1458","targetHints":{"allow":["GET"]}}],"collection":[{"href":"https:\/\/www.manifestacom.com\/es\/wp-json\/wp\/v2\/posts"}],"about":[{"href":"https:\/\/www.manifestacom.com\/es\/wp-json\/wp\/v2\/types\/post"}],"author":[{"embeddable":true,"href":"https:\/\/www.manifestacom.com\/es\/wp-json\/wp\/v2\/users\/1"}],"replies":[{"embeddable":true,"href":"https:\/\/www.manifestacom.com\/es\/wp-json\/wp\/v2\/comments?post=1458"}],"version-history":[{"count":1,"href":"https:\/\/www.manifestacom.com\/es\/wp-json\/wp\/v2\/posts\/1458\/revisions"}],"predecessor-version":[{"id":1606,"href":"https:\/\/www.manifestacom.com\/es\/wp-json\/wp\/v2\/posts\/1458\/revisions\/1606"}],"wp:featuredmedia":[{"embeddable":true,"href":"https:\/\/www.manifestacom.com\/es\/wp-json\/wp\/v2\/media\/1083"}],"wp:attachment":[{"href":"https:\/\/www.manifestacom.com\/es\/wp-json\/wp\/v2\/media?parent=1458"}],"wp:term":[{"taxonomy":"category","embeddable":true,"href":"https:\/\/www.manifestacom.com\/es\/wp-json\/wp\/v2\/categories?post=1458"},{"taxonomy":"post_tag","embeddable":true,"href":"https:\/\/www.manifestacom.com\/es\/wp-json\/wp\/v2\/tags?post=1458"},{"taxonomy":"home_featured","embeddable":true,"href":"https:\/\/www.manifestacom.com\/es\/wp-json\/wp\/v2\/home_featured?post=1458"}],"curies":[{"name":"wp","href":"https:\/\/api.w.org\/{rel}","templated":true}]}}