{"id":1462,"date":"2015-06-20T07:25:54","date_gmt":"2015-06-20T07:25:54","guid":{"rendered":"http:\/\/www.manifestacom.com\/la-comunicacion-no-puede-lavar-la-cara-al-pp\/"},"modified":"2017-05-10T13:49:11","modified_gmt":"2017-05-10T13:49:11","slug":"la-comunicacion-no-puede-lavar-la-cara-al-pp","status":"publish","type":"post","link":"https:\/\/www.manifestacom.com\/es\/la-comunicacion-no-puede-lavar-la-cara-al-pp\/","title":{"rendered":"La comunicaci\u00f3n no puede lavar la cara al PP"},"content":{"rendered":"<p>Ahora que todo el mundo comenta el <a href=\"http:\/\/www.europapress.es\/nacional\/noticia-rajoy-nombra-vicesecretario-comunicacion-pablo-casado-organizacion-fernando-martinez-maillo-20150618180143.html\">nombramiento <\/a>de <a href=\"http:\/\/politica.elpais.com\/politica\/2015\/06\/17\/actualidad\/1434532984_847155.html\">Pablo Casado<\/a> como nuevo responsable de comunicaci\u00f3n del Partido Popular, hay que recordar que la comunicaci\u00f3n no es una herramienta para \u201clavar caras\u201d, sino para explicar, para mostrar, los lavados de cara.<\/p>\n<p>La comunicaci\u00f3n debe ser un espejo para reflejar y dar a conocer lo que existe. Por mucho que el PP invierta esfuerzos en la campa\u00f1a para mejorar su imagen, poco efecto tendr\u00e1 si no entra en acci\u00f3n primero y decide qu\u00e9 hacer con los miembros del partido imputados en casos de corrupci\u00f3n. Si no no sacarnos las lega\u00f1as, poco puede hacer el espejo.<\/p>\n<p>El problema del PP actual no es de comunicaci\u00f3n, es de \u00e9tica, y para ilustrarlo os dejamos esta vi\u00f1eta de Santy Guti\u00e9rrez.<\/p>\n<p><a href=\"http:\/\/www.manifestacom.com\/wp-content\/uploads\/2015\/06\/PabloCasado.jpg\"><img loading=\"lazy\" decoding=\"async\" class=\"aligncenter wp-image-2882\" title=\"PabloCasado\" src=\"http:\/\/www.manifestacom.com\/wp-content\/uploads\/2015\/06\/PabloCasado-580x413.jpg\" alt=\"\" width=\"507\" height=\"361\" \/><\/a><\/p>\n<p>Para saber m\u00e1s sobre el joven portavoz del comit\u00e9 de campa\u00f1a y futuro vicesecretario de comunicaci\u00f3n del PP, le recomendamos este art\u00edculo de El Pa\u00eds: <a href=\"http:\/\/politica.elpais.com\/politica\/2015\/06\/17\/actualidad\/1434532984_847155.html\">Pablo Casado es el nuevo responsable de comunicaci\u00f3n del PP<\/a>.<\/p>\n","protected":false},"excerpt":{"rendered":"<p>Ahora que todo el mundo comenta el nombramiento de Pablo Casado como nuevo responsable de comunicaci\u00f3n del Partido Popular, hay que recordar que la comunicaci\u00f3n no es una herramienta para \u201clavar caras\u201d, sino para explicar, para mostrar, los lavados de cara. La comunicaci\u00f3n debe ser&#8230;<\/p>\n","protected":false},"author":1,"featured_media":1095,"comment_status":"open","ping_status":"open","sticky":false,"template":"","format":"standard","meta":{"footnotes":""},"categories":[422],"tags":[305,304,77,52,78],"home_featured":[],"class_list":["post-1462","post","type-post","status-publish","format-standard","has-post-thumbnail","hentry","category-la-noticia-y-el-comentario","tag-pp","tag-pablo-casado","tag-campanya-electoral","tag-comunicacio-politica","tag-eleccions"],"acf":[],"_links":{"self":[{"href":"https:\/\/www.manifestacom.com\/es\/wp-json\/wp\/v2\/posts\/1462","targetHints":{"allow":["GET"]}}],"collection":[{"href":"https:\/\/www.manifestacom.com\/es\/wp-json\/wp\/v2\/posts"}],"about":[{"href":"https:\/\/www.manifestacom.com\/es\/wp-json\/wp\/v2\/types\/post"}],"author":[{"embeddable":true,"href":"https:\/\/www.manifestacom.com\/es\/wp-json\/wp\/v2\/users\/1"}],"replies":[{"embeddable":true,"href":"https:\/\/www.manifestacom.com\/es\/wp-json\/wp\/v2\/comments?post=1462"}],"version-history":[{"count":1,"href":"https:\/\/www.manifestacom.com\/es\/wp-json\/wp\/v2\/posts\/1462\/revisions"}],"predecessor-version":[{"id":1835,"href":"https:\/\/www.manifestacom.com\/es\/wp-json\/wp\/v2\/posts\/1462\/revisions\/1835"}],"wp:featuredmedia":[{"embeddable":true,"href":"https:\/\/www.manifestacom.com\/es\/wp-json\/wp\/v2\/media\/1095"}],"wp:attachment":[{"href":"https:\/\/www.manifestacom.com\/es\/wp-json\/wp\/v2\/media?parent=1462"}],"wp:term":[{"taxonomy":"category","embeddable":true,"href":"https:\/\/www.manifestacom.com\/es\/wp-json\/wp\/v2\/categories?post=1462"},{"taxonomy":"post_tag","embeddable":true,"href":"https:\/\/www.manifestacom.com\/es\/wp-json\/wp\/v2\/tags?post=1462"},{"taxonomy":"home_featured","embeddable":true,"href":"https:\/\/www.manifestacom.com\/es\/wp-json\/wp\/v2\/home_featured?post=1462"}],"curies":[{"name":"wp","href":"https:\/\/api.w.org\/{rel}","templated":true}]}}