{"id":1464,"date":"2015-02-11T12:57:10","date_gmt":"2015-02-11T12:57:10","guid":{"rendered":"http:\/\/www.manifestacom.com\/la-lista-falciani-se-hace-publica-protege-la-prensa-a-los-evasores-fiscales\/"},"modified":"2017-05-08T20:04:29","modified_gmt":"2017-05-08T20:04:29","slug":"la-lista-falciani-se-hace-publica-protege-la-prensa-a-los-evasores-fiscales","status":"publish","type":"post","link":"https:\/\/www.manifestacom.com\/es\/la-lista-falciani-se-hace-publica-protege-la-prensa-a-los-evasores-fiscales\/","title":{"rendered":"La lista Falciani se hace p\u00fablica: \u00bfProtege la prensa a los evasores fiscales?"},"content":{"rendered":"<p><a href=\"http:\/\/www.manifestacom.com\/wp-content\/uploads\/2015\/02\/elmundo.jpg\"><img loading=\"lazy\" decoding=\"async\" class=\"aligncenter\" title=\"elmundo\" src=\"http:\/\/www.manifestacom.com\/wp-content\/uploads\/2015\/02\/elmundo.jpg\" alt=\"\" width=\"189\" height=\"233\" \/><\/a><\/p>\n<p>Este lunes el Consorcio Internacional de Periodismo de Investigaci\u00f3n (ICIJ), en colaboraci\u00f3n con varios medios, hizo p\u00fablicos los documentos del caso \u2018<a href=\"http:\/\/www.icij.org\/project\/swiss-leaks\" target=\"_blank\">Swissleaks<\/a>\u2018, la gran filtraci\u00f3n sobre el fraude fiscal hecha por Herv\u00e9 Falciani, inform\u00e1tico de la sede en Ginebra del banco HSBC. La informaci\u00f3n, correspondiente al per\u00edodo 2005-2007, ha dejado al descubierto unas 30.000 cuentas de grandes evasores fiscales, los fondos de las cuales llegan a los 105.890 millones de euros. Aunque hace a\u00f1os que se habla de ella, ahora se han publicado los nombres de la famosa \u2018lista Falciani\u2019.<\/p>\n<p>Se trata de la filtraci\u00f3n bancaria m\u00e1s grande de la historia y la lista incluye 2.694 espa\u00f1oles, entre los que est\u00e1n el ya desaparecido banquero y presidente del Banco Santander Emilio Bot\u00edn y el corredor de F1 Fernando Alonso. Sin embargo, los medios de comunicaci\u00f3n no se han hecho mucho eco.<\/p>\n<p>Y eso \u00bfpor qu\u00e9? En un momento de crisis financiera, social y pol\u00edtica como el que vive Espa\u00f1a, una informaci\u00f3n as\u00ed deber\u00eda remover conciencias. Todas. De cualquier color. Desde primera hora, la etiqueta <a href=\"https:\/\/twitter.com\/hashtag\/SwissLeaks?src=hash\" target=\"_blank\">#Swissleaks<\/a> echaba humo en Twitter y no tard\u00f3 en convertirse en trending topic. \u00bfC\u00f3mo es que los medios pasaron de puntillas? La noticia no aparec\u00eda en ninguna portada de la prensa impresa.<\/p>\n<p>Los documentos publicados el lunes confirman una informaci\u00f3n que ya se sab\u00eda: la familia Bot\u00edn ten\u00eda m\u00e1s de 2.000 millones de euros en el banco suizo y adem\u00e1s contaba con toda una red de testaferros y empresas-pantalla para desviar millones hacia Panam\u00e1 y las Islas V\u00edrgenes. A nadie se le escapa el poder del Banco Santander, lo que quiz\u00e1s no es tan conocido (hasta ahora) es el control que ejerce sobre la prensa. El Banco Santander est\u00e1 presente en el grupo Vocento, editor de peri\u00f3dicos como el ABC, y en 2012 tuvo un papel clave como acreedor en la operaci\u00f3n de refinanciaci\u00f3n del grupo Prisa, al que pertenece el peri\u00f3dico El Pa\u00eds. Adem\u00e1s, el banco es uno de los principales anunciantes en los medios de comunicaci\u00f3n y patrocinador habitual de eventos deportivos, fundamentales para las cadenas de televisi\u00f3n.<\/p>\n<p>I\u00f1aki Gabilondo, uno de los grandes representantes del periodismo riguroso en Espa\u00f1a, habla del tema en su videoblog con un titular muy sugerente: \u201c<a href=\"http:\/\/elpais.com\/elpais\/2015\/02\/09\/videos\/1423470426_319564.html?rel=ult\" target=\"_blank\">Paren las m\u00e1quinas<\/a>\u201c. Media.cat ha publicado un art\u00edculo titulado <a href=\"http:\/\/www.media.cat\/2015\/02\/09\/cronica-de-la-impotencia-quins-diaris-han-tractat-de-tapar-la-presencia-de-botin-a-la-llista-falciani\/\">Cr\u00f2nica de la impot\u00e8ncia: Quins diaris han tractat de tapar la pres\u00e8ncia de Bot\u00edn a la \u2018llista Falciani\u2019?<\/a>, que analiza la cobertura por parte de medios catalanes y espa\u00f1oles. El periodista <a href=\"http:\/\/blocs.mesvilaweb.cat\/Lluis_Patraix\/?p=268581\" target=\"_blank\">Luis Patraix<\/a>, en su blog de Vilaweb, ha escrito tambi\u00e9n sobre esta falta grave del periodismo. Los tres tienen en com\u00fan un tono escandalizado e indignado. Sin libertad de prensa no puede existir ninguna otra libertad.<\/p>\n<p>Por \u00faltimo, una nota. De todos los medios espa\u00f1oles, s\u00f3lo el diario digital <a href=\"http:\/\/www.elconfidencial.com\/tags\/temas\/lista-falciani-14093\/\" target=\"_blank\">El Confidencial<\/a> forma parte del ICIJ, una asociaci\u00f3n de la que forman parte grandes diarios como el brit\u00e1nico The Guardian o el franc\u00e9s Le Monde.<\/p>\n","protected":false},"excerpt":{"rendered":"<p>Este lunes el Consorcio Internacional de Periodismo de Investigaci\u00f3n (ICIJ), en colaboraci\u00f3n con varios medios, hizo p\u00fablicos los documentos del caso \u2018Swissleaks\u2018, la gran filtraci\u00f3n sobre el fraude fiscal hecha por Herv\u00e9 Falciani, inform\u00e1tico de la sede en Ginebra del banco HSBC. La informaci\u00f3n, correspondiente&#8230;<\/p>\n","protected":false},"author":1,"featured_media":1101,"comment_status":"open","ping_status":"open","sticky":false,"template":"","format":"standard","meta":{"footnotes":""},"categories":[421],"tags":[306,307,107,75],"home_featured":[],"class_list":["post-1464","post","type-post","status-publish","format-standard","has-post-thumbnail","hentry","category-el-post-es","tag-llibertat-de-premsa","tag-llista-falciani","tag-crisi","tag-periodisme"],"acf":[],"_links":{"self":[{"href":"https:\/\/www.manifestacom.com\/es\/wp-json\/wp\/v2\/posts\/1464","targetHints":{"allow":["GET"]}}],"collection":[{"href":"https:\/\/www.manifestacom.com\/es\/wp-json\/wp\/v2\/posts"}],"about":[{"href":"https:\/\/www.manifestacom.com\/es\/wp-json\/wp\/v2\/types\/post"}],"author":[{"embeddable":true,"href":"https:\/\/www.manifestacom.com\/es\/wp-json\/wp\/v2\/users\/1"}],"replies":[{"embeddable":true,"href":"https:\/\/www.manifestacom.com\/es\/wp-json\/wp\/v2\/comments?post=1464"}],"version-history":[{"count":1,"href":"https:\/\/www.manifestacom.com\/es\/wp-json\/wp\/v2\/posts\/1464\/revisions"}],"predecessor-version":[{"id":1742,"href":"https:\/\/www.manifestacom.com\/es\/wp-json\/wp\/v2\/posts\/1464\/revisions\/1742"}],"wp:featuredmedia":[{"embeddable":true,"href":"https:\/\/www.manifestacom.com\/es\/wp-json\/wp\/v2\/media\/1101"}],"wp:attachment":[{"href":"https:\/\/www.manifestacom.com\/es\/wp-json\/wp\/v2\/media?parent=1464"}],"wp:term":[{"taxonomy":"category","embeddable":true,"href":"https:\/\/www.manifestacom.com\/es\/wp-json\/wp\/v2\/categories?post=1464"},{"taxonomy":"post_tag","embeddable":true,"href":"https:\/\/www.manifestacom.com\/es\/wp-json\/wp\/v2\/tags?post=1464"},{"taxonomy":"home_featured","embeddable":true,"href":"https:\/\/www.manifestacom.com\/es\/wp-json\/wp\/v2\/home_featured?post=1464"}],"curies":[{"name":"wp","href":"https:\/\/api.w.org\/{rel}","templated":true}]}}