{"id":1465,"date":"2014-02-11T12:25:33","date_gmt":"2014-02-11T12:25:33","guid":{"rendered":"http:\/\/www.manifestacom.com\/la-mentira-cojea-el-caso-de-la-tragedia-de-ceuta\/"},"modified":"2017-05-11T09:50:38","modified_gmt":"2017-05-11T09:50:38","slug":"la-mentira-cojea-el-caso-de-la-tragedia-de-ceuta","status":"publish","type":"post","link":"https:\/\/www.manifestacom.com\/es\/la-mentira-cojea-el-caso-de-la-tragedia-de-ceuta\/","title":{"rendered":"La mentira cojea: el caso de la tragedia de Ceuta"},"content":{"rendered":"<div class=\"wp-caption alignnone\" style=\"width: 416px;\"><a href=\"http:\/\/elpais.com\/elpais\/2014\/02\/01\/vinetas\/1391272694_879484.html\"><img loading=\"lazy\" decoding=\"async\" title=\"roto\" src=\"http:\/\/www.manifestacom.com\/wp-content\/uploads\/2014\/02\/roto-580x503.jpg\" alt=\"\" width=\"406\" height=\"352\" \/><\/a><\/p>\n<p class=\"wp-caption-text\">Vi\u00f1eta de El Roto publicada en El Pa\u00eds el 2 de febrero de 2014, cuatro d\u00edas antes de la tragedia en Ceuta.<\/p>\n<\/div>\n<p>Mentira y comunicaci\u00f3n son t\u00e9rminos contrarios, incapaces de convivir sin generar desconfianza, distanciamiento y, en un contexto social y pol\u00edtico, una crisis de legitimidad. No hace falta decir que las amistades de la mentira, como la manipulaci\u00f3n o la opacidad, son tambi\u00e9n por extensi\u00f3n enemigas de la comunicaci\u00f3n (efectiva, se entiende, porque si no no ser\u00eda comunicaci\u00f3n), ya sea interpersonal, corporativa o pol\u00edtica.<\/p>\n<p>A pesar de ser \u00e9sta una m\u00e1xima de la comunicaci\u00f3n que no nos cansamos de repetir (por \u00e9tica, por estrategia y por supervivencia), la mentira sigue siendo un recurso muy habitual. Las sucesivas y <a href=\"http:\/\/www.eldiario.es\/desalambre\/uniforme-versiones-oficiales-tragedia-Ceuta_0_226428120.html\" target=\"_blank\">contradictorias versiones<\/a> con las que las fuentes oficiales est\u00e1n tratando de sortear la publicaci\u00f3n de informaciones relativas a la tragedia de Ceuta, en la que el pasado 6 de febrero murieron m\u00e1s de 10 personas, s\u00f3lo son un ejemplo m\u00e1s.<\/p>\n<p>En un primer momento, la Delegaci\u00f3n del Gobierno en Ceuta explic\u00f3 que un grupo de unas 400 personas hab\u00edan tratado de cruzar la frontera entre Espa\u00f1a y Marruecos en Ceuta, y las fuerzas de seguridad marroqu\u00edes se lo hab\u00edan impedido. Seg\u00fan esta <a href=\"http:\/\/www.eldiario.es\/desalambre\/personas-mueren-intento-entrada-Ceuta_0_226077460.html\" target=\"_blank\">versi\u00f3n<\/a>, la Guardia Civil no intervino, la muerte de los inmigrantes en ning\u00fan caso pod\u00eda ser debida a causas \u201cviolentas\u201d, y ninguna de las personas que intentaban llegar a territorio espa\u00f1ol lo consigui\u00f3.<\/p>\n<p>Pocas horas m\u00e1s tarde aparece una nueva versi\u00f3n, despu\u00e9s de publicarse las <a href=\"http:\/\/www.eldiario.es\/desalambre\/Guardia-Civil-disparado-balas-media_0_226078058.html\" target=\"_blank\">declaraciones <\/a>de algunos de los inmigrantes implicados que aseguraban que la Guardia Civil les hab\u00eda lanzado pelotas de goma y gases lacrim\u00f3genos mientras trataban de cruzar la frontera a nado. En esta nueva versi\u00f3n, el delegado del gobierno admite y <a href=\"http:\/\/www.ara.cat\/societat\/espanyol-justifica-loperacio-immigrants-Ceuta_0_1079892232.html\" target=\"_blank\">justifica <\/a>el uso de material antidisturbios \u201ccon efecto disuasorio\u201d, debido a la actitud \u201cmuy violenta\u201d de los inmigrantes.<\/p>\n<p>A la pol\u00e9mica por el uso de material antidisturbios, se suma la <a href=\"http:\/\/www.elperiodico.cat\/ca\/noticias\/societat\/defensora-investiga-lactuacio-guardia-civil-tragedia-ceuta-3082548\" target=\"_blank\">denuncia <\/a>de la devoluci\u00f3n ilegal de ocho de los inmigrantes que s\u00ed habr\u00edan conseguido cruzar la frontera, grabada en v\u00eddeo por un vecino de Ceuta y difundida inicialmente por <a href=\"http:\/\/www.lasexta.com\/noticias\/sociedad\/video-demuestra-que-inmigrantes-ceuta-tocaron-territorio-espanol_2014020700189.html\" target=\"_blank\">La Sexta Noticias<\/a>. En declaraciones a Europa Press, fuentes de la Guardia Civil admitieron que este <a href=\"http:\/\/www.eldiario.es\/desalambre\/inmigrantes-expulsados-ilegalmente-Melilla-ultimos_0_198430239.html\" target=\"_blank\">procedimiento <\/a>\u201ces lo habitual\u201d e incluso forma parte del \u201cprotocolo\u201d. Sin embargo, el director general de la Guardia Civil, Arsenio Fern\u00e1ndez de Mesa, ha <a href=\"http:\/\/www.europapress.es\/sociedad\/noticia-fernandez-mesa-defiende-actuacion-guardia-civil-ceuta-asegura-ninguna-muerte-fue-espana-20140208114922.html\" target=\"_blank\">asegurado <\/a>el estricto cumplimiento de la Ley de Extranjer\u00eda. \u00bfEn qu\u00e9 quedamos?<\/p>\n<p>En un \u00faltimo movimiento, la Guardia Civil difundi\u00f3 el lunes el <a href=\"http:\/\/politica.elpais.com\/politica\/2014\/02\/10\/actualidad\/1392047230_516579.html\" target=\"_blank\">v\u00eddeo <\/a>de las c\u00e1maras de la frontera, que supuestamente contiene todas las im\u00e1genes disponibles. Sin embargo, el v\u00eddeo est\u00e1 editado y no incluye algunos de los momentos clave de los hechos.<\/p>\n<p>\u00bfC\u00f3mo justificar\u00e1 todas estas versiones confusas y contradictorias el ministro de Interior, Jorge Fern\u00e1ndez D\u00edaz, en la <a href=\"http:\/\/www.elconfidencial.com\/espana\/2014-02-07\/fernandez-diaz-comparecera-el-proximo-jueves-para-explicar-la-tragedia-de-ceuta_86106\/\" target=\"_blank\">comparecencia <\/a>prevista para este jueves en el Congreso? Mentir a la ciudadan\u00eda desde las instituciones p\u00fablicas es una grave falta de respeto a la democracia. Mezclar la mentira con violencia y muertes es, adem\u00e1s, una grave falta de humanidad.<\/p>\n","protected":false},"excerpt":{"rendered":"<p>Vi\u00f1eta de El Roto publicada en El Pa\u00eds el 2 de febrero de 2014, cuatro d\u00edas antes de la tragedia en Ceuta. Mentira y comunicaci\u00f3n son t\u00e9rminos contrarios, incapaces de convivir sin generar desconfianza, distanciamiento y, en un contexto social y pol\u00edtico, una crisis de&#8230;<\/p>\n","protected":false},"author":1,"featured_media":1104,"comment_status":"open","ping_status":"open","sticky":false,"template":"","format":"standard","meta":{"footnotes":""},"categories":[421],"tags":[308,309,310,311,111,112,52],"home_featured":[],"class_list":["post-1465","post","type-post","status-publish","format-standard","has-post-thumbnail","hentry","category-el-post-es","tag-ceuta","tag-drets-humans","tag-guardia-civil","tag-mentida","tag-comunicacio-institucional","tag-comunicacio-publica","tag-comunicacio-politica"],"acf":[],"_links":{"self":[{"href":"https:\/\/www.manifestacom.com\/es\/wp-json\/wp\/v2\/posts\/1465","targetHints":{"allow":["GET"]}}],"collection":[{"href":"https:\/\/www.manifestacom.com\/es\/wp-json\/wp\/v2\/posts"}],"about":[{"href":"https:\/\/www.manifestacom.com\/es\/wp-json\/wp\/v2\/types\/post"}],"author":[{"embeddable":true,"href":"https:\/\/www.manifestacom.com\/es\/wp-json\/wp\/v2\/users\/1"}],"replies":[{"embeddable":true,"href":"https:\/\/www.manifestacom.com\/es\/wp-json\/wp\/v2\/comments?post=1465"}],"version-history":[{"count":1,"href":"https:\/\/www.manifestacom.com\/es\/wp-json\/wp\/v2\/posts\/1465\/revisions"}],"predecessor-version":[{"id":1861,"href":"https:\/\/www.manifestacom.com\/es\/wp-json\/wp\/v2\/posts\/1465\/revisions\/1861"}],"wp:featuredmedia":[{"embeddable":true,"href":"https:\/\/www.manifestacom.com\/es\/wp-json\/wp\/v2\/media\/1104"}],"wp:attachment":[{"href":"https:\/\/www.manifestacom.com\/es\/wp-json\/wp\/v2\/media?parent=1465"}],"wp:term":[{"taxonomy":"category","embeddable":true,"href":"https:\/\/www.manifestacom.com\/es\/wp-json\/wp\/v2\/categories?post=1465"},{"taxonomy":"post_tag","embeddable":true,"href":"https:\/\/www.manifestacom.com\/es\/wp-json\/wp\/v2\/tags?post=1465"},{"taxonomy":"home_featured","embeddable":true,"href":"https:\/\/www.manifestacom.com\/es\/wp-json\/wp\/v2\/home_featured?post=1465"}],"curies":[{"name":"wp","href":"https:\/\/api.w.org\/{rel}","templated":true}]}}