{"id":1469,"date":"2012-02-06T20:24:01","date_gmt":"2012-02-06T20:24:01","guid":{"rendered":"http:\/\/www.manifestacom.com\/china-prohibe-que-sus-aerolineas-paguen-a-la-ue-por-las-emisiones-de-co%c2%b2\/"},"modified":"2017-05-09T12:05:35","modified_gmt":"2017-05-09T12:05:35","slug":"china-prohibe-que-sus-aerolineas-paguen-a-la-ue-por-las-emisiones-de-co%c2%b2","status":"publish","type":"post","link":"https:\/\/www.manifestacom.com\/es\/china-prohibe-que-sus-aerolineas-paguen-a-la-ue-por-las-emisiones-de-co%c2%b2\/","title":{"rendered":"China proh\u00edbe que sus aerol\u00edneas paguen a la UE por las emisiones de CO\u00b2"},"content":{"rendered":"<p style=\"text-align: left;\">El <a href=\"http:\/\/sociedad.elpais.com\/sociedad\/2012\/02\/06\/actualidad\/1328501223_678920.html\" target=\"_blank\">gobierno chino ha prohibido a sus compa\u00f1\u00edas a\u00e9reas<\/a> cumplir con el plan de la Uni\u00f3n Europea que prev\u00e9 gravar las emisiones contaminantes en los vuelos que atraviesen su espacio a\u00e9reo en rutas con origen o destino a la UE, as\u00ed como incrementar el precio de los billetes a los clientes como medida compensatoria.<\/p>\n<p style=\"text-align: left;\">Esta prohibici\u00f3n hace referencia al <a href=\"http:\/\/sociedad.elpais.com\/sociedad\/2011\/12\/21\/actualidad\/1324465192_782464.html\" target=\"_blank\">Sistema de Comercio de Derechos de Emisiones<\/a> de la UE y a la legislaci\u00f3n europea que, desde el pasado 1 de enero, establece que todas las aerol\u00edneas que utilicen aer\u00f3dromos europeos ser\u00e1n gravadas con un impuesto incluido en el Plan de Emisiones por el Comercio. Las compa\u00f1\u00edas que se nieguen a pagar deber\u00e1n hacer frente a sanciones de alrededor de 100 euros por tonelada de di\u00f3xido de carbono emitida, mientras que una desobediencia reiterada de la norma podr\u00eda suponer que la UE les prohibiera operar en aeropuertos europeos.<\/p>\n<p style=\"text-align: left;\">Las autoridades chinas han establecido que las aerol\u00edneas del pa\u00eds que quieran cumplir con las directrices europeas deber\u00e1n obtener antes la aprobaci\u00f3n de Pek\u00edn, a la vez que han denunciado el plan por considerarlo un arancel sin fundamentos. A esto se le llama <em>calentamiento diplom\u00e1tico<\/em> previo a la cumbre bilateral UE-China que se celebrar\u00e1 la pr\u00f3xima semana. Pero en la lucha contra el cambio clim\u00e1tico, cient\u00edficamente irrebatible, no se pueden permitir este tipo de actitudes, por mucho que las plantee uno de los estados m\u00e1s poderosos del mundo.<\/p>\n<p style=\"text-align: left;\"><a href=\"http:\/\/www.manifestacom.com\/2012\/02\/06\/xina-prohibeix-que-aerolinies-paguin-per-emissions-contaminants\/airbus\/\" rel=\"attachment wp-att-919\"><img loading=\"lazy\" decoding=\"async\" title=\"Airbus\" src=\"http:\/\/www.manifestacom.com\/wp-content\/uploads\/2012\/02\/airbus.jpg\" alt=\"\" width=\"330\" height=\"209\" \/><\/a><\/p>\n","protected":false},"excerpt":{"rendered":"<p>El gobierno chino ha prohibido a sus compa\u00f1\u00edas a\u00e9reas cumplir con el plan de la Uni\u00f3n Europea que prev\u00e9 gravar las emisiones contaminantes en los vuelos que atraviesen su espacio a\u00e9reo en rutas con origen o destino a la UE, as\u00ed como incrementar el precio&#8230;<\/p>\n","protected":false},"author":1,"featured_media":1116,"comment_status":"open","ping_status":"open","sticky":false,"template":"","format":"standard","meta":{"footnotes":""},"categories":[422],"tags":[252,105,106],"home_featured":[],"class_list":["post-1469","post","type-post","status-publish","format-standard","has-post-thumbnail","hentry","category-la-noticia-y-el-comentario","tag-mobilitat","tag-medi-ambient","tag-sostenibilitat"],"acf":[],"_links":{"self":[{"href":"https:\/\/www.manifestacom.com\/es\/wp-json\/wp\/v2\/posts\/1469","targetHints":{"allow":["GET"]}}],"collection":[{"href":"https:\/\/www.manifestacom.com\/es\/wp-json\/wp\/v2\/posts"}],"about":[{"href":"https:\/\/www.manifestacom.com\/es\/wp-json\/wp\/v2\/types\/post"}],"author":[{"embeddable":true,"href":"https:\/\/www.manifestacom.com\/es\/wp-json\/wp\/v2\/users\/1"}],"replies":[{"embeddable":true,"href":"https:\/\/www.manifestacom.com\/es\/wp-json\/wp\/v2\/comments?post=1469"}],"version-history":[{"count":1,"href":"https:\/\/www.manifestacom.com\/es\/wp-json\/wp\/v2\/posts\/1469\/revisions"}],"predecessor-version":[{"id":1786,"href":"https:\/\/www.manifestacom.com\/es\/wp-json\/wp\/v2\/posts\/1469\/revisions\/1786"}],"wp:featuredmedia":[{"embeddable":true,"href":"https:\/\/www.manifestacom.com\/es\/wp-json\/wp\/v2\/media\/1116"}],"wp:attachment":[{"href":"https:\/\/www.manifestacom.com\/es\/wp-json\/wp\/v2\/media?parent=1469"}],"wp:term":[{"taxonomy":"category","embeddable":true,"href":"https:\/\/www.manifestacom.com\/es\/wp-json\/wp\/v2\/categories?post=1469"},{"taxonomy":"post_tag","embeddable":true,"href":"https:\/\/www.manifestacom.com\/es\/wp-json\/wp\/v2\/tags?post=1469"},{"taxonomy":"home_featured","embeddable":true,"href":"https:\/\/www.manifestacom.com\/es\/wp-json\/wp\/v2\/home_featured?post=1469"}],"curies":[{"name":"wp","href":"https:\/\/api.w.org\/{rel}","templated":true}]}}