{"id":1470,"date":"2012-12-21T11:51:16","date_gmt":"2012-12-21T11:51:16","guid":{"rendered":"http:\/\/www.manifestacom.com\/la-positividad-existe\/"},"modified":"2017-05-04T13:14:43","modified_gmt":"2017-05-04T13:14:43","slug":"la-positividad-existe","status":"publish","type":"post","link":"https:\/\/www.manifestacom.com\/es\/la-positividad-existe\/","title":{"rendered":"La \u201cpositividad\u201d existe"},"content":{"rendered":"<p>Y no solo en el Diccionario del Institut d\u2019Estudis Catalans (<em>f. qualitat de positiu<\/em>) sino tambi\u00e9n en la Real Academia Espa\u00f1ola (RAE), una existencia que parece no haber tenido en cuenta Coca Cola a la hora de dise\u00f1ar la nueva campa\u00f1a publicitaria para esta Navidad. O s\u00ed.<\/p>\n<p>El objetivo de la campa\u00f1a era pedir a la <a href=\"http:\/\/www.marketingdirecto.com\/actualidad\/publicidad\/coca-cola-lanza-una-campana-navidena-para-conseguir-que-positividad-entre-en-el-diccionario-de-la-rae\/?utm_source=wordtwit&amp;utm_medium=social&amp;utm_campaign=wordtwit\" target=\"_blank\">RAE que incorporara la palabra <em>positividad<\/em> al diccionario<\/a> en un intento por contagiar mensajes optimistas, favorables y esperanzadores, en definitiva, positivos y que de paso contrarrestaran la palabra <em>negatividad<\/em>, que ya exist\u00eda \u2013en t\u00e9rminos de incorporaci\u00f3n al diccionario de la RAE\u2013 mucho antes. El Instituto de la Felicidad, cuya cuenta de Twitter se cre\u00f3 el mismo 19 de diciembre, empez\u00f3 con un tweet que lanzaba el hashtag #positividad y animaba a los usuarios a sumarse a la causa y promover un cambio, es decir, solicitar que dicha palabra fuera incorporada al diccionario. A continuaci\u00f3n la cuenta de Coca Cola en Espa\u00f1a hac\u00eda un RT del Instituto y en unas horas la RAE respond\u00eda a la compa\u00f1\u00eda informando de que el vocablo #positividad ya estaba aprobado por la Academia.<\/p>\n<p>Resumiendo la secuencia en 3 tweets ser\u00eda esto:<\/p>\n<p><a href=\"http:\/\/www.manifestacom.com\/?attachment_id=1554\" rel=\"attachment wp-att-1554\"><img loading=\"lazy\" decoding=\"async\" class=\"aligncenter\" title=\"tweet uno\" src=\"http:\/\/www.manifestacom.com\/wp-content\/uploads\/2012\/12\/tweet-uno.jpg\" alt=\"\" width=\"452\" height=\"79\" \/><\/a><a href=\"http:\/\/www.manifestacom.com\/?attachment_id=1555\" rel=\"attachment wp-att-1555\"><img loading=\"lazy\" decoding=\"async\" class=\"aligncenter\" title=\"tweet dos\" src=\"http:\/\/www.manifestacom.com\/wp-content\/uploads\/2012\/12\/tweet-dos.jpg\" alt=\"\" width=\"452\" height=\"96\" \/><\/a><a href=\"http:\/\/www.manifestacom.com\/?attachment_id=1556\" rel=\"attachment wp-att-1556\"><img loading=\"lazy\" decoding=\"async\" class=\"aligncenter\" title=\"tweet tres\" src=\"http:\/\/www.manifestacom.com\/wp-content\/uploads\/2012\/12\/tweet-tres.jpg\" alt=\"\" width=\"447\" height=\"97\" \/><\/a><\/p>\n<p>M\u00e1s las gracias de Coca Cola a la Academia por la demostraci\u00f3n:<\/p>\n<p><a href=\"http:\/\/www.manifestacom.com\/?attachment_id=1557\" rel=\"attachment wp-att-1557\"><img loading=\"lazy\" decoding=\"async\" class=\"aligncenter\" title=\"tweet cuatro\" src=\"http:\/\/www.manifestacom.com\/wp-content\/uploads\/2012\/12\/tweet-cuatro.jpg\" alt=\"\" width=\"530\" height=\"64\" \/><\/a><\/p>\n<p>Al margen de la \u201crareza\u201d de nuestra lengua catalana, que s\u00ed contempla la palabra en cuesti\u00f3n (confirmar en el diccionario del <a href=\"http:\/\/dlc.iec.cat\/\" target=\"_blank\">Institut d\u2019Estudis Catalan<\/a>s), lo que resulta curioso es que Coca Cola promoviera la incorporaci\u00f3n en el diccionario de un vocablo que ya hab\u00eda sido aprobado el pasado noviembre y que en la pr\u00f3xima edici\u00f3n del DRAE, en el a\u00f1o 2014, quedar\u00e1 incluido. \u00bfNadie hab\u00eda hecho una comprobaci\u00f3n previa m\u00e1s all\u00e1 de la b\u00fasqueda en la p\u00e0gina web? \u00bfTen\u00eda conocimiento la compa\u00f1\u00eda o el tweet de la RAE ha sido un jarro\u00a0 de agua fr\u00eda?<\/p>\n<p>Sin duda la oficialidad confirmada por la RAE es bienvenida, la existencia es agradable\u2026 Sin embargo, parece dif\u00edcil creer que en la preparaci\u00f3n de una campana este detalle no se tuviera en cuenta. \u00bfO tal vez y pese a saberlo optaron por animar las redes? Por ahora Coca Cola ha encajado el tweet con mucha deportividad y con un \u201cYa es oficial. \u00a1La positividad existe! : )\u201d est\u00e1 dispuesta a seguir adelante con la campa\u00f1a, seg\u00fan publica La Vanguardia. Y es que tal vez, comprobar que, definitivamente y tambi\u00e9n para los biling\u00fces, la palabra <em>positividad<\/em> existe no deber\u00eda ser un obst\u00e1culo para celebrarlo con m\u00faltiples tweets edulcorados, con chispa y 140 caracteres ingeniosos y efervescentes.<\/p>\n<p><a href=\"http:\/\/www.manifestacom.com\/2012\/12\/21\/la-positivitat-existeix\/tweet-cinco\/\" rel=\"attachment wp-att-1565\"><img loading=\"lazy\" decoding=\"async\" class=\"aligncenter\" title=\"tweet cinco\" src=\"http:\/\/www.manifestacom.com\/wp-content\/uploads\/2012\/12\/tweet-cinco.jpg\" alt=\"\" width=\"444\" height=\"69\" \/><\/a><\/p>\n","protected":false},"excerpt":{"rendered":"<p>Y no solo en el Diccionario del Institut d\u2019Estudis Catalans (f. qualitat de positiu) sino tambi\u00e9n en la Real Academia Espa\u00f1ola (RAE), una existencia que parece no haber tenido en cuenta Coca Cola a la hora de dise\u00f1ar la nueva campa\u00f1a publicitaria para esta Navidad&#8230;.<\/p>\n","protected":false},"author":1,"featured_media":1119,"comment_status":"open","ping_status":"open","sticky":false,"template":"","format":"standard","meta":{"footnotes":""},"categories":[421],"tags":[319,165,135,96],"home_featured":[],"class_list":["post-1470","post","type-post","status-publish","format-standard","has-post-thumbnail","hentry","category-el-post-es","tag-coca-cola","tag-xarxes","tag-publicitat","tag-corporatiu"],"acf":[],"_links":{"self":[{"href":"https:\/\/www.manifestacom.com\/es\/wp-json\/wp\/v2\/posts\/1470","targetHints":{"allow":["GET"]}}],"collection":[{"href":"https:\/\/www.manifestacom.com\/es\/wp-json\/wp\/v2\/posts"}],"about":[{"href":"https:\/\/www.manifestacom.com\/es\/wp-json\/wp\/v2\/types\/post"}],"author":[{"embeddable":true,"href":"https:\/\/www.manifestacom.com\/es\/wp-json\/wp\/v2\/users\/1"}],"replies":[{"embeddable":true,"href":"https:\/\/www.manifestacom.com\/es\/wp-json\/wp\/v2\/comments?post=1470"}],"version-history":[{"count":1,"href":"https:\/\/www.manifestacom.com\/es\/wp-json\/wp\/v2\/posts\/1470\/revisions"}],"predecessor-version":[{"id":1559,"href":"https:\/\/www.manifestacom.com\/es\/wp-json\/wp\/v2\/posts\/1470\/revisions\/1559"}],"wp:featuredmedia":[{"embeddable":true,"href":"https:\/\/www.manifestacom.com\/es\/wp-json\/wp\/v2\/media\/1119"}],"wp:attachment":[{"href":"https:\/\/www.manifestacom.com\/es\/wp-json\/wp\/v2\/media?parent=1470"}],"wp:term":[{"taxonomy":"category","embeddable":true,"href":"https:\/\/www.manifestacom.com\/es\/wp-json\/wp\/v2\/categories?post=1470"},{"taxonomy":"post_tag","embeddable":true,"href":"https:\/\/www.manifestacom.com\/es\/wp-json\/wp\/v2\/tags?post=1470"},{"taxonomy":"home_featured","embeddable":true,"href":"https:\/\/www.manifestacom.com\/es\/wp-json\/wp\/v2\/home_featured?post=1470"}],"curies":[{"name":"wp","href":"https:\/\/api.w.org\/{rel}","templated":true}]}}