{"id":1471,"date":"2014-11-12T06:39:14","date_gmt":"2014-11-12T06:39:14","guid":{"rendered":"http:\/\/www.manifestacom.com\/la-tasa-google-y-el-adios-de-google-news-el-golpe-de-gracia-a-los-diarios-digitales\/"},"modified":"2017-05-06T10:22:10","modified_gmt":"2017-05-06T10:22:10","slug":"la-tasa-google-y-el-adios-de-google-news-el-golpe-de-gracia-a-los-diarios-digitales","status":"publish","type":"post","link":"https:\/\/www.manifestacom.com\/es\/la-tasa-google-y-el-adios-de-google-news-el-golpe-de-gracia-a-los-diarios-digitales\/","title":{"rendered":"La \u201ctasa Google\u201d y el adi\u00f3s de Google News: \u00bfel golpe de gracia a los diarios digitales?"},"content":{"rendered":"<p>El gigante de Internet ha <a href=\"http:\/\/www.ara.cat\/media\/Google-News-deixara-funcionar-Espanya_0_1264673627.html\">anunciado <\/a>que Google News dejar\u00e1 de funcionar en Espa\u00f1a antes de Navidad. A partir del 16 de diciembre, entre los resultados del motor de b\u00fasqueda ya no encontraremos enlaces a noticias publicadas por los medios de comunicaci\u00f3n.<\/p>\n<p>Es el fin (\u00bfes el fin?) de una larga batalla entre Google, el gobierno y los editores representados por la Asociaci\u00f3n de Editores de Diarios Espa\u00f1oles (AEDE) , que ha dado luz verde a una nueva ley de propiedad intelectual que exige al buscador pagar la ya conocida como \u201ctasa Google\u201d si quiere ofrecer como resultados de b\u00fasqueda los contenidos de los diarios.<\/p>\n<p>La pregunta que sigue es obvia. \u00bfQu\u00e9 efecto tendr\u00e1 esto en los medios con presencia digital? \u00bfY en el derecho de los ciudadanos a acceder a la informaci\u00f3n? En los \u00faltimos a\u00f1os, las redes sociales han ido ganado terreno como fuente de tr\u00e1fico para los diarios digitales, que es el argumento para vender publicidad, pero Google News sigue siendo imprescindible para los medios y una v\u00eda muy importante para los ciudadanos que buscan contenidos publicados en el pasado. Los medios de comunicaci\u00f3n hace ya tiempo que son una industria en crisis, que lucha todav\u00eda por encontrar la manera de hacer la transici\u00f3n al mundo digital de una manera rentable y sostenible. \u00bfSupondr\u00e1 la ley que ha provocado el golpe en la mesa de Google un golpe mortal a los peri\u00f3dicos?<\/p>\n<p>Como reacci\u00f3n al anuncio de Google, la AEDE ha pedido al gobierno y a la Uni\u00f3n Europea que intervengan para evitar que los contenidos de los diarios espa\u00f1oles desaparezcan de los resultados del buscador en el mundo. El Ministerio de Educaci\u00f3n, Cultura y Deportes, de momento, ha confirmado en un comunicado que seguir\u00e1 adelante con la \u201ctasa Google\u201d, tambi\u00e9n conocida como \u201ccanon AEDE\u201d.<\/p>\n","protected":false},"excerpt":{"rendered":"<p>El gigante de Internet ha anunciado que Google News dejar\u00e1 de funcionar en Espa\u00f1a antes de Navidad. A partir del 16 de diciembre, entre los resultados del motor de b\u00fasqueda ya no encontraremos enlaces a noticias publicadas por los medios de comunicaci\u00f3n. Es el fin&#8230;<\/p>\n","protected":false},"author":1,"featured_media":1122,"comment_status":"open","ping_status":"open","sticky":false,"template":"","format":"standard","meta":{"footnotes":""},"categories":[422],"tags":[320,321,281,49],"home_featured":[],"class_list":["post-1471","post","type-post","status-publish","format-standard","has-post-thumbnail","hentry","category-la-noticia-y-el-comentario","tag-google","tag-medios-de-comunicacion","tag-mitjans-de-comunicacio","tag-xarxes-socials"],"acf":[],"_links":{"self":[{"href":"https:\/\/www.manifestacom.com\/es\/wp-json\/wp\/v2\/posts\/1471","targetHints":{"allow":["GET"]}}],"collection":[{"href":"https:\/\/www.manifestacom.com\/es\/wp-json\/wp\/v2\/posts"}],"about":[{"href":"https:\/\/www.manifestacom.com\/es\/wp-json\/wp\/v2\/types\/post"}],"author":[{"embeddable":true,"href":"https:\/\/www.manifestacom.com\/es\/wp-json\/wp\/v2\/users\/1"}],"replies":[{"embeddable":true,"href":"https:\/\/www.manifestacom.com\/es\/wp-json\/wp\/v2\/comments?post=1471"}],"version-history":[{"count":1,"href":"https:\/\/www.manifestacom.com\/es\/wp-json\/wp\/v2\/posts\/1471\/revisions"}],"predecessor-version":[{"id":1617,"href":"https:\/\/www.manifestacom.com\/es\/wp-json\/wp\/v2\/posts\/1471\/revisions\/1617"}],"wp:featuredmedia":[{"embeddable":true,"href":"https:\/\/www.manifestacom.com\/es\/wp-json\/wp\/v2\/media\/1122"}],"wp:attachment":[{"href":"https:\/\/www.manifestacom.com\/es\/wp-json\/wp\/v2\/media?parent=1471"}],"wp:term":[{"taxonomy":"category","embeddable":true,"href":"https:\/\/www.manifestacom.com\/es\/wp-json\/wp\/v2\/categories?post=1471"},{"taxonomy":"post_tag","embeddable":true,"href":"https:\/\/www.manifestacom.com\/es\/wp-json\/wp\/v2\/tags?post=1471"},{"taxonomy":"home_featured","embeddable":true,"href":"https:\/\/www.manifestacom.com\/es\/wp-json\/wp\/v2\/home_featured?post=1471"}],"curies":[{"name":"wp","href":"https:\/\/api.w.org\/{rel}","templated":true}]}}