{"id":1472,"date":"2016-07-20T21:35:47","date_gmt":"2016-07-20T21:35:47","guid":{"rendered":"http:\/\/www.manifestacom.com\/lecturas-de-verano-para-profesionales-de-la-comunicacion\/"},"modified":"2017-05-08T09:43:47","modified_gmt":"2017-05-08T09:43:47","slug":"lecturas-de-verano-para-profesionales-de-la-comunicacion","status":"publish","type":"post","link":"https:\/\/www.manifestacom.com\/es\/lecturas-de-verano-para-profesionales-de-la-comunicacion\/","title":{"rendered":"Lecturas de verano para profesionales de la comunicaci\u00f3n"},"content":{"rendered":"<p><a href=\"http:\/\/www.manifestacom.com\/wp-content\/uploads\/2016\/08\/lectures_estiu.jpg\"><img loading=\"lazy\" decoding=\"async\" class=\"aligncenter\" title=\"lectures_estiu\" src=\"http:\/\/www.manifestacom.com\/wp-content\/uploads\/2016\/08\/lectures_estiu.jpg\" alt=\"\" width=\"500\" height=\"375\" \/><\/a><\/p>\n<p>El verano es para muchos la estaci\u00f3n de la lectura. Ya est\u00e9s en la playa en plan \u201cvacaciones relax\u201d, de viaje o a\u00fan en la oficina, es la temporada ideal para ponerse al d\u00eda con ese listado de lecturas pendientes que hemos ido construyendo cuidadosamente a lo largo del a\u00f1o.<\/p>\n<p>La periodista y consultora freelance Cristina Aced ha compartido en su blog un<a href=\"http:\/\/cristinaaced.com\/blog\/2016\/08\/02\/estudios-comunicacion-2016\/\" target=\"_blank\"> listado de nueve lecturas<\/a> sobre comunicaci\u00f3n bien acertadas, que recomendamos: informes, estudios, libros\u2026 \u00a1Buen provecho!<\/p>\n<p>Reproducimos aqu\u00ed el listado, abreviado:<\/p>\n<p>&#8211;<a href=\"https:\/\/www.holmesreport.com\/docs\/default-source\/default-document-library\/2016-global-communications-report.pdf?sfvrsn=2\" target=\"_blank\"> The Global Communications Report 2016<\/a>, el Center for Public Relations de la University of Southern California. Relaciones P\u00fablicas.<br \/>\n&#8211; <a href=\"http:\/\/www.zerfass.de\/ECM-WEBSITE\/ECM-2016.html\" target=\"_blank\">The European Communication Monitor 2016<\/a>, European Public Relations Education and Research Association (EUPRERA) y la European Association of Communication Directors (EACD). Comunicaci\u00f3n corporativa.<br \/>\n&#8211; <a href=\"http:\/\/mediainsight.org\/PDFs\/Millennials\/Millennials%20Report%20FINAL.pdf\" target=\"_blank\">How Millennial Get News: Inside the Habits of America \u2018s First Digital Generation<\/a>. EACD \/ EUPRERA. Medios.<br \/>\n&#8211; <a href=\"http:\/\/www.journalism.org\/2016\/06\/15\/state-of-the-news-media-2016\/\" target=\"_blank\">The State of the News Media in 2016<\/a>, PewResearch Center. Medios.<br \/>\n&#8211; <a href=\"http:\/\/www.digitalnewsreport.org\/survey\/2016\/foreword-2016\/\" target=\"_blank\">Digital News Report 2016<\/a>, Reuters Institute for the Study of Journalism. Medios.<br \/>\n&#8211; <a href=\"http:\/\/mediainsight.org\/Pages\/a-new-understanding-what-makes-people-trust-and-rely-on-news.aspx\" target=\"_blank\">A New Understanding: What Makes People Trust and Rely on News<\/a>, American Press Institute y The Associated Press. Medios.<br \/>\n&#8211;<a href=\"http:\/\/engagingnewsproject.org\/research\/survey-of-commenters-and-comment-readers\/\" target=\"_blank\"> Survey of Commenters and Comment Readers<\/a>, Annette Strauss Institute for Civic Life de The University of Texas at Austin. Medios.<br \/>\n&#8211; <a href=\"http:\/\/www.cjr.org\/special_report\/why_we_trust_and_why_thats_changing_online.php\" target=\"_blank\">Why we trust, and why that \u2018s changing online<\/a>, Columbia Journalism Review. Medios.<br \/>\n&#8211; <a href=\"http:\/\/evocaimagen.com\/dosieres\/dosier-evoca-01-customer-media.pdf\" target=\"_blank\">Los Customer media. Medios L\u00edquidos para usuarios hiperconectados<\/a>. Pepe Cerezo. Medios.<br \/>\n&#8211; <a href=\"http:\/\/www.fundaciontelefonica.com\/arte_cultura\/publicaciones-listado\/pagina-item-publicaciones\/itempubli\/502\/\" target=\"_blank\">Creadores de futuro. De la innovaci\u00f3n en el mundo<\/a>. Francis Pisani. Innovaci\u00f3n.<\/p>\n","protected":false},"excerpt":{"rendered":"<p>El verano es para muchos la estaci\u00f3n de la lectura. Ya est\u00e9s en la playa en plan \u201cvacaciones relax\u201d, de viaje o a\u00fan en la oficina, es la temporada ideal para ponerse al d\u00eda con ese listado de lecturas pendientes que hemos ido construyendo cuidadosamente&#8230;<\/p>\n","protected":false},"author":1,"featured_media":1125,"comment_status":"open","ping_status":"open","sticky":false,"template":"","format":"standard","meta":{"footnotes":""},"categories":[422],"tags":[322,323,66],"home_featured":[],"class_list":["post-1472","post","type-post","status-publish","format-standard","has-post-thumbnail","hentry","category-la-noticia-y-el-comentario","tag-informes","tag-lectures","tag-comunicacio"],"acf":[],"_links":{"self":[{"href":"https:\/\/www.manifestacom.com\/es\/wp-json\/wp\/v2\/posts\/1472","targetHints":{"allow":["GET"]}}],"collection":[{"href":"https:\/\/www.manifestacom.com\/es\/wp-json\/wp\/v2\/posts"}],"about":[{"href":"https:\/\/www.manifestacom.com\/es\/wp-json\/wp\/v2\/types\/post"}],"author":[{"embeddable":true,"href":"https:\/\/www.manifestacom.com\/es\/wp-json\/wp\/v2\/users\/1"}],"replies":[{"embeddable":true,"href":"https:\/\/www.manifestacom.com\/es\/wp-json\/wp\/v2\/comments?post=1472"}],"version-history":[{"count":1,"href":"https:\/\/www.manifestacom.com\/es\/wp-json\/wp\/v2\/posts\/1472\/revisions"}],"predecessor-version":[{"id":1671,"href":"https:\/\/www.manifestacom.com\/es\/wp-json\/wp\/v2\/posts\/1472\/revisions\/1671"}],"wp:featuredmedia":[{"embeddable":true,"href":"https:\/\/www.manifestacom.com\/es\/wp-json\/wp\/v2\/media\/1125"}],"wp:attachment":[{"href":"https:\/\/www.manifestacom.com\/es\/wp-json\/wp\/v2\/media?parent=1472"}],"wp:term":[{"taxonomy":"category","embeddable":true,"href":"https:\/\/www.manifestacom.com\/es\/wp-json\/wp\/v2\/categories?post=1472"},{"taxonomy":"post_tag","embeddable":true,"href":"https:\/\/www.manifestacom.com\/es\/wp-json\/wp\/v2\/tags?post=1472"},{"taxonomy":"home_featured","embeddable":true,"href":"https:\/\/www.manifestacom.com\/es\/wp-json\/wp\/v2\/home_featured?post=1472"}],"curies":[{"name":"wp","href":"https:\/\/api.w.org\/{rel}","templated":true}]}}