{"id":1475,"date":"2016-05-04T01:49:52","date_gmt":"2016-05-04T01:49:52","guid":{"rendered":"http:\/\/www.manifestacom.com\/libertad-de-prensa-menos-presiones-y-mas-independencia\/"},"modified":"2017-05-11T14:48:24","modified_gmt":"2017-05-11T14:48:24","slug":"libertad-de-prensa-menos-presiones-y-mas-independencia","status":"publish","type":"post","link":"https:\/\/www.manifestacom.com\/es\/libertad-de-prensa-menos-presiones-y-mas-independencia\/","title":{"rendered":"Libertad de prensa: menos presiones y m\u00e1s independencia"},"content":{"rendered":"<p><a href=\"http:\/\/www.manifestacom.com\/wp-content\/uploads\/2016\/05\/IFJ.png\"><img loading=\"lazy\" decoding=\"async\" class=\"alignleft\" title=\"IFJ\" src=\"http:\/\/www.manifestacom.com\/wp-content\/uploads\/2016\/05\/IFJ-580x543.png\" alt=\"\" width=\"228\" height=\"213\" \/><\/a>\u201c<em>Presiones f<\/em> Fuerzas morales o influencias ejercidas sobre alguien para condicionar su comportamiento.<\/p>\n<p><em>Independencia<\/em> <em>f.<\/em> Situaci\u00f3n de una colectividad o individuos no sometidos a la autoridad de otros\u201d.<\/p>\n<p>As\u00ed define el observatorio de medios M\u00e8dia.cat dos palabras clave para hablar de libertad de prensa, como reclamo de su campa\u00f1a de micromecenazgo para financiar su pr\u00f3ximo anuario, <a href=\"https:\/\/www.verkami.com\/projects\/14296-anuari-mediacat-br-els-silencis-br-mediatics-de-2015\" target=\"_blank\">Los silencios medi\u00e1ticos de 2015<\/a>.<\/p>\n<p>Cualquier d\u00eda del a\u00f1o es un buen momento para repasar estos conceptos fundamentales en democracia, pero a\u00fan lo es m\u00e1s el <a href=\"https:\/\/www.un.org\/es\/events\/pressfreedomday\/\" target=\"_blank\">D\u00eda Mundial de la Libertad de Prensa<\/a>, que siempre llega con datos negros de ataques y coacciones a periodistas en todo el mundo, y Europa no se escapa.<\/p>\n<p>Con motivo de la efem\u00e9ride, la Federaci\u00f3n Internacional de Periodistas (FIP), detr\u00e1s de la cual hay 600.000 periodistas de 140 pa\u00edses, ha publicado un <a href=\"http:\/\/www.ifj.org\/nc\/es\/news-single-view\/backpid\/1\/article\/no-hiding-place-for-those-who-violate-media-freedom\/\" target=\"_blank\">informe <\/a>basado en una encuesta a sus afiliados para recoger los ataques a la libertad de prensa en el mundo .<\/p>\n<p>En el caso de Espa\u00f1a, el informe destaca situaciones generadas por la pol\u00e9mica <a href=\"http:\/\/www.ara.cat\/societat\/Congres-PP-llei_de_seguretat_ciutadana-mordassa_0_1264673733.html\" target=\"_blank\">ley de seguridad ciudadana<\/a>, la \u201cley mordaza\u201d, aprobada en 2014, que proh\u00edbe grabar a las fuerzas de seguridad durante protestas y actos p\u00fablicos. Las asociaciones de periodistas alertan del peligro de que la nueva ley fomente la autocensura, debido a la falta de claridad en la regulaci\u00f3n sobre qu\u00e9 se puede hacer y qu\u00e9 no.<\/p>\n<p>\u201cNo debe existir ninguna tolerancia hacia aquellos que ataquen o debiliten la libertad de prensa\u201d, clama el informe, disponible para descargar en la web del <a href=\"http:\/\/www.ifj.org\/nc\/es\/news-single-view\/backpid\/1\/article\/no-hiding-place-for-those-who-violate-media-freedom\/\" target=\"_blank\">FIP<\/a>.<\/p>\n","protected":false},"excerpt":{"rendered":"<p>\u201cPresiones f Fuerzas morales o influencias ejercidas sobre alguien para condicionar su comportamiento. Independencia f. Situaci\u00f3n de una colectividad o individuos no sometidos a la autoridad de otros\u201d. As\u00ed define el observatorio de medios M\u00e8dia.cat dos palabras clave para hablar de libertad de prensa, como&#8230;<\/p>\n","protected":false},"author":1,"featured_media":1134,"comment_status":"open","ping_status":"open","sticky":false,"template":"","format":"standard","meta":{"footnotes":""},"categories":[422],"tags":[306,300,75],"home_featured":[],"class_list":["post-1475","post","type-post","status-publish","format-standard","has-post-thumbnail","hentry","category-la-noticia-y-el-comentario","tag-llibertat-de-premsa","tag-democracia","tag-periodisme"],"acf":[],"_links":{"self":[{"href":"https:\/\/www.manifestacom.com\/es\/wp-json\/wp\/v2\/posts\/1475","targetHints":{"allow":["GET"]}}],"collection":[{"href":"https:\/\/www.manifestacom.com\/es\/wp-json\/wp\/v2\/posts"}],"about":[{"href":"https:\/\/www.manifestacom.com\/es\/wp-json\/wp\/v2\/types\/post"}],"author":[{"embeddable":true,"href":"https:\/\/www.manifestacom.com\/es\/wp-json\/wp\/v2\/users\/1"}],"replies":[{"embeddable":true,"href":"https:\/\/www.manifestacom.com\/es\/wp-json\/wp\/v2\/comments?post=1475"}],"version-history":[{"count":1,"href":"https:\/\/www.manifestacom.com\/es\/wp-json\/wp\/v2\/posts\/1475\/revisions"}],"predecessor-version":[{"id":1916,"href":"https:\/\/www.manifestacom.com\/es\/wp-json\/wp\/v2\/posts\/1475\/revisions\/1916"}],"wp:featuredmedia":[{"embeddable":true,"href":"https:\/\/www.manifestacom.com\/es\/wp-json\/wp\/v2\/media\/1134"}],"wp:attachment":[{"href":"https:\/\/www.manifestacom.com\/es\/wp-json\/wp\/v2\/media?parent=1475"}],"wp:term":[{"taxonomy":"category","embeddable":true,"href":"https:\/\/www.manifestacom.com\/es\/wp-json\/wp\/v2\/categories?post=1475"},{"taxonomy":"post_tag","embeddable":true,"href":"https:\/\/www.manifestacom.com\/es\/wp-json\/wp\/v2\/tags?post=1475"},{"taxonomy":"home_featured","embeddable":true,"href":"https:\/\/www.manifestacom.com\/es\/wp-json\/wp\/v2\/home_featured?post=1475"}],"curies":[{"name":"wp","href":"https:\/\/api.w.org\/{rel}","templated":true}]}}