{"id":1477,"date":"2012-07-02T11:42:29","date_gmt":"2012-07-02T11:42:29","guid":{"rendered":"http:\/\/www.manifestacom.com\/el-honda-fcx-clarity-en-barcelona\/"},"modified":"2017-05-16T18:59:29","modified_gmt":"2017-05-16T18:59:29","slug":"el-honda-fcx-clarity-en-barcelona","status":"publish","type":"post","link":"https:\/\/www.manifestacom.com\/es\/el-honda-fcx-clarity-en-barcelona\/","title":{"rendered":"El Honda FCX Clarity en Barcelona"},"content":{"rendered":"<p>Honda present\u00f3 al alcalde de Barcelona, Xavier Trias, y al tercer teniente de alcalde, Antoni Vives, el Honda FCX Clarity, el <a href=\"http:\/\/videos.lavanguardia.com\/20120619\/54313582751\/barcelona-coche-electrico-hidrogeno.html\" target=\"_blank\">veh\u00edculo de pila de combustibl<\/a>e m\u00e1s avanzado del mundo y un claro ejemplo de la viabilidad de esta tecnolog\u00eda basada en el hidr\u00f3geno como vector energ\u00e9tico.<\/p>\n<p>El alcalde de Barcelona, Xavier Trias, quiso ser testimonio directo, el pasado 19 de junio,\u00a0 de esta importante innovaci\u00f3n en la movilidad sin emisiones, uno de los objetivos prioritarios del consistorio. En estos momentos, Barcelona es la ciudad del Estado que ha hecho una mayor apuesta por la implantaci\u00f3n de la movilidad el\u00e9ctrica y la que lidera su despliegue, tanto en n\u00famero de veh\u00edculos operativos que circulan como en infraestructura de recarga. En este contexto, el desarrollo de las tecnolog\u00edas basadas en el hidr\u00f3geno tienen un gran potencial econ\u00f3mico, social y medioambiental, como lo demuestra el desarrollo del Honda FCX Clarity.<\/p>\n<p>El Honda FCX Clarity, que circul\u00f3 a lo largo de los d\u00edas 18 y 22 de junio por las calles de Barcelona, visit\u00f3 la ciudad para mostrarlo a t\u00e9cnicos y expertos que participaron en la 4\u00aa conferencia \u201cAlternative Powertrain Systems\u201d, que organizaba la Sociedad de T\u00e9cnicos de la Automoci\u00f3n, los d\u00edas 20 y 21 de junio en la ciudad de Barcelona. El Honda FCX Clarity protagoniz\u00f3 estas jornadas como m\u00e1ximo exponente de una de las tecnolog\u00edas de movilidad el\u00e9ctrica con m\u00e1s futuro como es la pila de combustible. Para la realizaci\u00f3n de estas pruebas en Barcelona, Carburos Met\u00e1licos instal\u00f3 un equipo de subministro de hidr\u00f3geno m\u00f3vil que funciona como un surtidor de carburante para el Honda FCX Clarit. Este equipamiento es el m\u00e1s avanzado de su categor\u00eda y permite el repostaje como si se tratara de un veh\u00edculo convencional.<\/p>\n<p>Cabe recordar que el pr\u00f3ximo 2013 la ciudad de Barcelona ser\u00e1 la capital mundial del veh\u00edculo el\u00e9ctrico con la celebraci\u00f3n de la 27\u00aa edici\u00f3n del <em>Electric Vehicle Symposium<\/em>, en el mes de noviembre, evento que coincidir\u00e1 con el <em>Smart City Exp<\/em>o, una edici\u00f3n que en 2013 estar\u00e1 centrada en la movilidad sostenible.<\/p>\n","protected":false},"excerpt":{"rendered":"<p>Honda present\u00f3 al alcalde de Barcelona, Xavier Trias, y al tercer teniente de alcalde, Antoni Vives, el Honda FCX Clarity, el veh\u00edculo de pila de combustible m\u00e1s avanzado del mundo y un claro ejemplo de la viabilidad de esta tecnolog\u00eda basada en el hidr\u00f3geno como&#8230;<\/p>\n","protected":false},"author":1,"featured_media":1140,"comment_status":"open","ping_status":"open","sticky":false,"template":"","format":"standard","meta":{"footnotes":""},"categories":[423],"tags":[252,224,105],"home_featured":[],"class_list":["post-1477","post","type-post","status-publish","format-standard","has-post-thumbnail","hentry","category-nuestros-clientes","tag-mobilitat","tag-honda","tag-medi-ambient"],"acf":[],"_links":{"self":[{"href":"https:\/\/www.manifestacom.com\/es\/wp-json\/wp\/v2\/posts\/1477","targetHints":{"allow":["GET"]}}],"collection":[{"href":"https:\/\/www.manifestacom.com\/es\/wp-json\/wp\/v2\/posts"}],"about":[{"href":"https:\/\/www.manifestacom.com\/es\/wp-json\/wp\/v2\/types\/post"}],"author":[{"embeddable":true,"href":"https:\/\/www.manifestacom.com\/es\/wp-json\/wp\/v2\/users\/1"}],"replies":[{"embeddable":true,"href":"https:\/\/www.manifestacom.com\/es\/wp-json\/wp\/v2\/comments?post=1477"}],"version-history":[{"count":1,"href":"https:\/\/www.manifestacom.com\/es\/wp-json\/wp\/v2\/posts\/1477\/revisions"}],"predecessor-version":[{"id":1951,"href":"https:\/\/www.manifestacom.com\/es\/wp-json\/wp\/v2\/posts\/1477\/revisions\/1951"}],"wp:featuredmedia":[{"embeddable":true,"href":"https:\/\/www.manifestacom.com\/es\/wp-json\/wp\/v2\/media\/1140"}],"wp:attachment":[{"href":"https:\/\/www.manifestacom.com\/es\/wp-json\/wp\/v2\/media?parent=1477"}],"wp:term":[{"taxonomy":"category","embeddable":true,"href":"https:\/\/www.manifestacom.com\/es\/wp-json\/wp\/v2\/categories?post=1477"},{"taxonomy":"post_tag","embeddable":true,"href":"https:\/\/www.manifestacom.com\/es\/wp-json\/wp\/v2\/tags?post=1477"},{"taxonomy":"home_featured","embeddable":true,"href":"https:\/\/www.manifestacom.com\/es\/wp-json\/wp\/v2\/home_featured?post=1477"}],"curies":[{"name":"wp","href":"https:\/\/api.w.org\/{rel}","templated":true}]}}