{"id":1479,"date":"2015-06-25T01:32:26","date_gmt":"2015-06-25T01:32:26","guid":{"rendered":"http:\/\/www.manifestacom.com\/madres-padres-e-hijos-en-internet-donde-estan-las-marcas\/"},"modified":"2017-05-08T08:06:04","modified_gmt":"2017-05-08T08:06:04","slug":"madres-padres-e-hijos-en-internet-donde-estan-las-marcas","status":"publish","type":"post","link":"https:\/\/www.manifestacom.com\/es\/madres-padres-e-hijos-en-internet-donde-estan-las-marcas\/","title":{"rendered":"Madres, padres e hijos en Internet: \u00bfd\u00f3nde est\u00e1n las marcas?"},"content":{"rendered":"<p>A nadie se le escapa que el \u00e1mbito familiar es el n\u00facleo de buena parte de nuestra vida cotidiana, tambi\u00e9n como consumidores. Tampoco es ning\u00fan descubrimiento decir que los ni\u00f1os, los hijos, y todo lo relacionado con la maternidad y la paternidad, nunca pasa de moda ni pierde prioridad, pase lo que pase. Aunque muchas de las nuevas madres y padres pertenecen a una generaci\u00f3n que concede no poca atenci\u00f3n en Internet.<\/p>\n<p>Sorprendentemente, la actividad online de las marcas relacionadas con este sector es a\u00fan muy limitada en Espa\u00f1a. Por eso, hoy te recomendamos un estudio que trata de tirar un poco de luz sobre este tema: \u201c<a href=\"http:\/\/descargas.bestrelations.com\/2-estudio-blogosfera-maternal-espana.pdf\" target=\"_blank\">Madres, blogs y marcas: de la experiencia a la profesionalizaci\u00f3n<\/a>\u201c. Lo firma <a href=\"https:\/\/twitter.com\/patinadora\" target=\"_blank\">M\u00f3nica de la Fuente<\/a>, fundadora de <a href=\"http:\/\/www.madresfera.com\/\" target=\"_blank\">Madresfera<\/a>, la mayor comunidad hispanohablante de blogs sobre maternidad, para la agencia Best Relations.<\/p>\n","protected":false},"excerpt":{"rendered":"<p>A nadie se le escapa que el \u00e1mbito familiar es el n\u00facleo de buena parte de nuestra vida cotidiana, tambi\u00e9n como consumidores. Tampoco es ning\u00fan descubrimiento decir que los ni\u00f1os, los hijos, y todo lo relacionado con la maternidad y la paternidad, nunca pasa de&#8230;<\/p>\n","protected":false},"author":1,"featured_media":1146,"comment_status":"open","ping_status":"open","sticky":false,"template":"","format":"standard","meta":{"footnotes":""},"categories":[422],"tags":[332,333,334,92],"home_featured":[],"class_list":["post-1479","post","type-post","status-publish","format-standard","has-post-thumbnail","hentry","category-la-noticia-y-el-comentario","tag-maternitat","tag-nens","tag-paternitat","tag-blogs"],"acf":[],"_links":{"self":[{"href":"https:\/\/www.manifestacom.com\/es\/wp-json\/wp\/v2\/posts\/1479","targetHints":{"allow":["GET"]}}],"collection":[{"href":"https:\/\/www.manifestacom.com\/es\/wp-json\/wp\/v2\/posts"}],"about":[{"href":"https:\/\/www.manifestacom.com\/es\/wp-json\/wp\/v2\/types\/post"}],"author":[{"embeddable":true,"href":"https:\/\/www.manifestacom.com\/es\/wp-json\/wp\/v2\/users\/1"}],"replies":[{"embeddable":true,"href":"https:\/\/www.manifestacom.com\/es\/wp-json\/wp\/v2\/comments?post=1479"}],"version-history":[{"count":2,"href":"https:\/\/www.manifestacom.com\/es\/wp-json\/wp\/v2\/posts\/1479\/revisions"}],"predecessor-version":[{"id":1643,"href":"https:\/\/www.manifestacom.com\/es\/wp-json\/wp\/v2\/posts\/1479\/revisions\/1643"}],"wp:featuredmedia":[{"embeddable":true,"href":"https:\/\/www.manifestacom.com\/es\/wp-json\/wp\/v2\/media\/1146"}],"wp:attachment":[{"href":"https:\/\/www.manifestacom.com\/es\/wp-json\/wp\/v2\/media?parent=1479"}],"wp:term":[{"taxonomy":"category","embeddable":true,"href":"https:\/\/www.manifestacom.com\/es\/wp-json\/wp\/v2\/categories?post=1479"},{"taxonomy":"post_tag","embeddable":true,"href":"https:\/\/www.manifestacom.com\/es\/wp-json\/wp\/v2\/tags?post=1479"},{"taxonomy":"home_featured","embeddable":true,"href":"https:\/\/www.manifestacom.com\/es\/wp-json\/wp\/v2\/home_featured?post=1479"}],"curies":[{"name":"wp","href":"https:\/\/api.w.org\/{rel}","templated":true}]}}