{"id":1480,"date":"2014-05-26T05:23:50","date_gmt":"2014-05-26T05:23:50","guid":{"rendered":"http:\/\/www.manifestacom.com\/marketing-de-contenidos-periodismo-de-marca-branded-content-que-es-que\/"},"modified":"2017-05-06T10:16:17","modified_gmt":"2017-05-06T10:16:17","slug":"marketing-de-contenidos-periodismo-de-marca-branded-content-que-es-que","status":"publish","type":"post","link":"https:\/\/www.manifestacom.com\/es\/marketing-de-contenidos-periodismo-de-marca-branded-content-que-es-que\/","title":{"rendered":"Marketing de contenidos, periodismo de marca, branded content\u2026 \u00bfQu\u00e9 es qu\u00e9?"},"content":{"rendered":"<p><a href=\"http:\/\/www.manifestacom.com\/wp-content\/uploads\/2014\/05\/BrandJournalism.jpg\"><img loading=\"lazy\" decoding=\"async\" class=\"wp-image-2471 alignleft\" title=\"BrandJournalism\" src=\"http:\/\/www.manifestacom.com\/wp-content\/uploads\/2014\/05\/BrandJournalism.jpg\" alt=\"\" width=\"291\" height=\"229\" \/><\/a>Marketing de contenidos, periodismo de marca, branded content\u2026 Son las nuevas palabras de moda en el sector de la comunicaci\u00f3n corporativa. Pero, \u00bfde qu\u00e9 hablamos exactamente? \u00bfQue son los contenidos? Para tratar de lanzar un poco de luz sobre estos conceptos a menudo confusos y sobre todas las t\u00e9cnicas de narraci\u00f3n de la marca que las nuevas (y viejas) tecnolog\u00edas han puesto a nuestro alcance, la experta en estrategia de contenidos <a href=\"http:\/\/www.evasanagustin.com\/\" target=\"_blank\">Eva Sanagust\u00edn<\/a> prepara el lanzamiento del e-book \u201c<a href=\"http:\/\/www.evasanagustin.com\/workaholic\/tag\/contenido-eres-tu\/page\/3\/\">Contenido eres t\u00fa<\/a>\u201d para el pr\u00f3ximo 9 de junio.<\/p>\n<p>Coordinado por Sanagust\u00edn, el libro contar\u00e1 con 12 cap\u00edtulos escritos por expertos de las diferentes disciplinas o perspectivas que conviven dentro del universo de los contenidos: estrategia de contenidos, inbound marketing, comunicaci\u00f3n en redes sociales, SEO, marketing digital, transmedia storytelling, marca personal \u2026 Para hacerse una idea y leer una introducci\u00f3n a cada cap\u00edtulo, pod\u00e9is visitar el <a href=\"https:\/\/flipboard.com\/section\/contenido-eres-t\u00fa-bVNDOQ\" target=\"_blank\">Flipboard <\/a>dedicado al nuevo ebook.<\/p>\n","protected":false},"excerpt":{"rendered":"<p>Marketing de contenidos, periodismo de marca, branded content\u2026 Son las nuevas palabras de moda en el sector de la comunicaci\u00f3n corporativa. Pero, \u00bfde qu\u00e9 hablamos exactamente? \u00bfQue son los contenidos? Para tratar de lanzar un poco de luz sobre estos conceptos a menudo confusos y&#8230;<\/p>\n","protected":false},"author":1,"featured_media":1149,"comment_status":"open","ping_status":"open","sticky":false,"template":"","format":"standard","meta":{"footnotes":""},"categories":[422],"tags":[335,192,69,49,57,75],"home_featured":[],"class_list":["post-1480","post","type-post","status-publish","format-standard","has-post-thumbnail","hentry","category-la-noticia-y-el-comentario","tag-periodisme-de-marca","tag-continguts","tag-marqueting-de-continguts","tag-xarxes-socials","tag-comunicacio-digital","tag-periodisme"],"acf":[],"_links":{"self":[{"href":"https:\/\/www.manifestacom.com\/es\/wp-json\/wp\/v2\/posts\/1480","targetHints":{"allow":["GET"]}}],"collection":[{"href":"https:\/\/www.manifestacom.com\/es\/wp-json\/wp\/v2\/posts"}],"about":[{"href":"https:\/\/www.manifestacom.com\/es\/wp-json\/wp\/v2\/types\/post"}],"author":[{"embeddable":true,"href":"https:\/\/www.manifestacom.com\/es\/wp-json\/wp\/v2\/users\/1"}],"replies":[{"embeddable":true,"href":"https:\/\/www.manifestacom.com\/es\/wp-json\/wp\/v2\/comments?post=1480"}],"version-history":[{"count":2,"href":"https:\/\/www.manifestacom.com\/es\/wp-json\/wp\/v2\/posts\/1480\/revisions"}],"predecessor-version":[{"id":1612,"href":"https:\/\/www.manifestacom.com\/es\/wp-json\/wp\/v2\/posts\/1480\/revisions\/1612"}],"wp:featuredmedia":[{"embeddable":true,"href":"https:\/\/www.manifestacom.com\/es\/wp-json\/wp\/v2\/media\/1149"}],"wp:attachment":[{"href":"https:\/\/www.manifestacom.com\/es\/wp-json\/wp\/v2\/media?parent=1480"}],"wp:term":[{"taxonomy":"category","embeddable":true,"href":"https:\/\/www.manifestacom.com\/es\/wp-json\/wp\/v2\/categories?post=1480"},{"taxonomy":"post_tag","embeddable":true,"href":"https:\/\/www.manifestacom.com\/es\/wp-json\/wp\/v2\/tags?post=1480"},{"taxonomy":"home_featured","embeddable":true,"href":"https:\/\/www.manifestacom.com\/es\/wp-json\/wp\/v2\/home_featured?post=1480"}],"curies":[{"name":"wp","href":"https:\/\/api.w.org\/{rel}","templated":true}]}}