{"id":1481,"date":"2012-07-17T13:11:53","date_gmt":"2012-07-17T13:11:53","guid":{"rendered":"http:\/\/www.manifestacom.com\/master-en-community-management-y-direccion-de-redes-sociales\/"},"modified":"2017-05-09T08:17:22","modified_gmt":"2017-05-09T08:17:22","slug":"master-en-community-management-y-direccion-de-redes-sociales","status":"publish","type":"post","link":"https:\/\/www.manifestacom.com\/es\/master-en-community-management-y-direccion-de-redes-sociales\/","title":{"rendered":"M\u00e1ster en Community Management y Direcci\u00f3n de Redes Sociales"},"content":{"rendered":"<p><a href=\"http:\/\/cursocommunitymanager.com\/master-ejecutivo-community-management-y-direccion-redes-sociales-en-la-empresa\/\" target=\"_blank\"><img loading=\"lazy\" decoding=\"async\" class=\"alignleft\" style=\"border: 0px;\" src=\"http:\/\/cursocommunitymanager.com\/wp-content\/uploads\/2012\/07\/banner_semipre_ger_may.jpg\" alt=\"\" width=\"200\" height=\"266\" border=\"0\" \/><\/a><\/p>\n<p>Sois muchos los que alguna vez pregunt\u00e1is d\u00f3nde pod\u00e9is empezar la formaci\u00f3n o complementar la que ya ten\u00e9is con alg\u00fan curso, seminario o m\u00e1ster sobre <strong>redes sociales o\u00a0Community Management<\/strong>, pues actualmente la oferta aunque cada vez es m\u00e1s amplia, el poco recorrido del sector genera incertidumbre sobre la gran cantidad de cursos\u00a0existentes.<\/p>\n<p>La <a title=\"UA\" href=\"http:\/\/cursocommunitymanager.com\/\" target=\"_blank\">UA<\/a> (Universidad de Alicante) ha apostado por crear un m\u00e1ster semipresencial donde se ofrecer\u00e1 un mix variado de formaci\u00f3n y casos de estudio\u00a0en el que participar\u00e9 como profesor, concretamente con el apartado centrado en <a title=\"marc.elena.soler\" href=\"http:\/\/www.facebook.com\/marc.elena.soler\" target=\"_blank\">Facebook<\/a>.<\/p>\n<p>Esta ser\u00e1 la\u00a0primera vez que se\u00a0incorporan Barcelona, Madrid y Valencia como sedes en las que se impartir\u00e1 el m\u00e1ster, gracias al \u00e9xito de las anteriores ediciones (<strong>#CMUA<\/strong>\u00a0en Twitter)\u00a0.<\/p>\n<p>Los ejes del programa del m\u00e1ster versar\u00e1n sobre\u00a0<strong>comunicaci\u00f3n 2.0, facebook para la empresa, video corporativo, Google+ y Pinterest, Linkedin, marca personal, geolocalizaci\u00f3n, mobile, blogs profesionales, t\u00e9cnicas creativas, marketing 2.0, reputaci\u00f3n online, e-commerce y tiendas virtuales, SEO, anal\u00edtica, inbound marketing y casos reales<\/strong>.\u00a0Los alumnos desarrollan un\u00a0proyecto final\u00a0que ser\u00e1 evaluado por un tribunal formado por profesores participantes.<\/p>\n<p><img loading=\"lazy\" decoding=\"async\" class=\"alignright\" title=\"CMUA\" src=\"http:\/\/victorpuig.es\/wp-content\/uploads\/soy-cmua-profes2.jpg\" alt=\"\" width=\"245\" height=\"133\" \/><\/p>\n<p>Uno de los elementos a tener en cuenta es el alto nivel de conocimiento que aportan los\u00a0<a title=\"profesores\" href=\"http:\/\/victorpuig.es\/2012\/06\/preparando-en-barcelona-el-master-en-community-management-y-direccion-de-redes-sociales\/\" target=\"_blank\">profesores que participan en el M\u00e1ster<\/a>,\u00a0adem\u00e1s bajo la coordinaci\u00f3n\u00a0de uno de los mejores consultores que conozco,\u00a0<a title=\"victor_puig\" href=\"http:\/\/victorpuig.es\/2012\/06\/preparando-en-barcelona-el-master-en-community-management-y-direccion-de-redes-sociales\/\" target=\"_blank\">Victor Puig<\/a>.<\/p>\n<p>Pod\u00e9is encontrar m\u00e1s info aqu\u00ed:\u00a0<a href=\"http:\/\/bit.ly\/cmuabcnpdf\" target=\"_blank\">http:\/\/bit.ly\/cmuabcnpdf<\/a><\/p>\n<div>\n<p>Si\u00a0quieres cualquier informaci\u00f3n sobre el M\u00e1ster, no dudes\u00a0en\u00a0consultarme cuando quieras\u00a0 en\u00a0\u00a0<a href=\"melena@manifestacom.com\">melena@manifestacom.com<\/a><\/p>\n<\/div>\n","protected":false},"excerpt":{"rendered":"<p>Sois muchos los que alguna vez pregunt\u00e1is d\u00f3nde pod\u00e9is empezar la formaci\u00f3n o complementar la que ya ten\u00e9is con alg\u00fan curso, seminario o m\u00e1ster sobre redes sociales o\u00a0Community Management, pues actualmente la oferta aunque cada vez es m\u00e1s amplia, el poco recorrido del sector genera&#8230;<\/p>\n","protected":false},"author":1,"featured_media":1152,"comment_status":"open","ping_status":"open","sticky":false,"template":"","format":"standard","meta":{"footnotes":""},"categories":[421],"tags":[336,337,101,97],"home_featured":[],"class_list":["post-1481","post","type-post","status-publish","format-standard","has-post-thumbnail","hentry","category-el-post-es","tag-formacio","tag-master","tag-facebook","tag-social-media"],"acf":[],"_links":{"self":[{"href":"https:\/\/www.manifestacom.com\/es\/wp-json\/wp\/v2\/posts\/1481","targetHints":{"allow":["GET"]}}],"collection":[{"href":"https:\/\/www.manifestacom.com\/es\/wp-json\/wp\/v2\/posts"}],"about":[{"href":"https:\/\/www.manifestacom.com\/es\/wp-json\/wp\/v2\/types\/post"}],"author":[{"embeddable":true,"href":"https:\/\/www.manifestacom.com\/es\/wp-json\/wp\/v2\/users\/1"}],"replies":[{"embeddable":true,"href":"https:\/\/www.manifestacom.com\/es\/wp-json\/wp\/v2\/comments?post=1481"}],"version-history":[{"count":2,"href":"https:\/\/www.manifestacom.com\/es\/wp-json\/wp\/v2\/posts\/1481\/revisions"}],"predecessor-version":[{"id":1765,"href":"https:\/\/www.manifestacom.com\/es\/wp-json\/wp\/v2\/posts\/1481\/revisions\/1765"}],"wp:featuredmedia":[{"embeddable":true,"href":"https:\/\/www.manifestacom.com\/es\/wp-json\/wp\/v2\/media\/1152"}],"wp:attachment":[{"href":"https:\/\/www.manifestacom.com\/es\/wp-json\/wp\/v2\/media?parent=1481"}],"wp:term":[{"taxonomy":"category","embeddable":true,"href":"https:\/\/www.manifestacom.com\/es\/wp-json\/wp\/v2\/categories?post=1481"},{"taxonomy":"post_tag","embeddable":true,"href":"https:\/\/www.manifestacom.com\/es\/wp-json\/wp\/v2\/tags?post=1481"},{"taxonomy":"home_featured","embeddable":true,"href":"https:\/\/www.manifestacom.com\/es\/wp-json\/wp\/v2\/home_featured?post=1481"}],"curies":[{"name":"wp","href":"https:\/\/api.w.org\/{rel}","templated":true}]}}