{"id":1485,"date":"2012-11-20T20:54:02","date_gmt":"2012-11-20T20:54:02","guid":{"rendered":"http:\/\/www.manifestacom.com\/mas-de-2-millones-de-ninos-bajo-el-umbral-de-la-pobreza-en-espana\/"},"modified":"2017-05-08T09:45:13","modified_gmt":"2017-05-08T09:45:13","slug":"mas-de-2-millones-de-ninos-bajo-el-umbral-de-la-pobreza-en-espana","status":"publish","type":"post","link":"https:\/\/www.manifestacom.com\/es\/mas-de-2-millones-de-ninos-bajo-el-umbral-de-la-pobreza-en-espana\/","title":{"rendered":"M\u00e1s de 2 millones de ni\u00f1os bajo el umbral de la pobreza en Espa\u00f1a"},"content":{"rendered":"<p>En el <a href=\"http:\/\/www.un.org\/es\/events\/childrenday\/\" target=\"_blank\">D\u00eda Internacional del Ni\u00f1o<\/a> un escandaloso dato aparece en los titulares de la prensa en Catalunya y Espa\u00f1a. Son los 2.226.000 ni\u00f1os que viven en Espa\u00f1a <a href=\"http:\/\/www.lavanguardia.com\/vida\/20121120\/54355421240\/mas-dos-millones-ninos-viven-espana-debajo-umbral-pobreza.html\" target=\"_blank\">por debajo del umbral de la pobreza<\/a>, seg\u00fan datos publicados por la organizaci\u00f3n internacional <a href=\"http:\/\/www.savethechildren.es\/det_notyprensa.php?id=481&amp;seccion=Not\" target=\"_blank\">Save The Children<\/a>.<\/p>\n<p>Seg\u00fan esta prestigiosa e imprescindible entidad, son m\u00e1s de dos millones las criaturas castigadas por diferentes niveles de pobreza, una situaci\u00f3n que en nuestro pa\u00eds se ha visto agravada por el actual contexto econ\u00f3mico, que convierte a este colectivo en el m\u00e1s vulnerable y el que mayor atenci\u00f3n requiere por parte de las administraciones y la sociedad civil.<\/p>\n<p>La pobreza infantil provoca situaciones de exclusi\u00f3n social y afecta a los ni\u00f1os y ni\u00f1as en muchos aspectos fundamentales de su desarrollo, como son la alimentaci\u00f3n, la educaci\u00f3n, la salud o la protecci\u00f3n. La organizaci\u00f3n Save The Children alerta tambi\u00e9n de que en estos contextos de tensi\u00f3n familiar y de precariedad econ\u00f3mica se incrementa de modo significativo la violencia contra la infancia.<\/p>\n<p>S\u00f3lo una sociedad que garantice los derechos de sus ni\u00f1os podr\u00e1 llegar a la madurez y contar con unos ciudadanos libres, pensantes y cr\u00edticos. La inversi\u00f3n en infancia es la m\u00e1s eficaz, es la construcci\u00f3n de unas peque\u00f1as personas que conformar\u00e1n el futuro del pa\u00eds. Ahora bien, antes hace falta que tengan unos derechos garantizados, entre \u00e9stos, el derecho a la educaci\u00f3n, la herramienta que permitir\u00e1 la igualdad de oportunidades y har\u00e1 crecer a estos peque\u00f1os tanto en sus derechos como en sus deberes.<\/p>\n<p>Esta cifra es un dato extremadamente grave que debe hacernos pensar y avergonzarnos a todos, especialmente a quienes podemos hacer algo para evitarla y, m\u00e1s todav\u00eda, a quienes tienes la responsabilidad pol\u00edtica en esta materia. La explicaci\u00f3n de porqu\u00e9 se ha llegado a esta situaci\u00f3n no es ajena a la crisis de valores y de exigencia personal y profesional que sufre nuestra distra\u00edda sociedad. Un pa\u00eds que quiera hablar de futuro no deber\u00eda permitirse que sus ni\u00f1os y ni\u00f1as no tengan presente.<\/p>\n","protected":false},"excerpt":{"rendered":"<p>En el D\u00eda Internacional del Ni\u00f1o un escandaloso dato aparece en los titulares de la prensa en Catalunya y Espa\u00f1a. Son los 2.226.000 ni\u00f1os que viven en Espa\u00f1a por debajo del umbral de la pobreza, seg\u00fan datos publicados por la organizaci\u00f3n internacional Save The Children&#8230;.<\/p>\n","protected":false},"author":1,"featured_media":1155,"comment_status":"open","ping_status":"open","sticky":false,"template":"","format":"standard","meta":{"footnotes":""},"categories":[422],"tags":[338,164,185,98],"home_featured":[],"class_list":["post-1485","post","type-post","status-publish","format-standard","has-post-thumbnail","hentry","category-la-noticia-y-el-comentario","tag-quart-mon","tag-rsc","tag-ong","tag-economia"],"acf":[],"_links":{"self":[{"href":"https:\/\/www.manifestacom.com\/es\/wp-json\/wp\/v2\/posts\/1485","targetHints":{"allow":["GET"]}}],"collection":[{"href":"https:\/\/www.manifestacom.com\/es\/wp-json\/wp\/v2\/posts"}],"about":[{"href":"https:\/\/www.manifestacom.com\/es\/wp-json\/wp\/v2\/types\/post"}],"author":[{"embeddable":true,"href":"https:\/\/www.manifestacom.com\/es\/wp-json\/wp\/v2\/users\/1"}],"replies":[{"embeddable":true,"href":"https:\/\/www.manifestacom.com\/es\/wp-json\/wp\/v2\/comments?post=1485"}],"version-history":[{"count":1,"href":"https:\/\/www.manifestacom.com\/es\/wp-json\/wp\/v2\/posts\/1485\/revisions"}],"predecessor-version":[{"id":1672,"href":"https:\/\/www.manifestacom.com\/es\/wp-json\/wp\/v2\/posts\/1485\/revisions\/1672"}],"wp:featuredmedia":[{"embeddable":true,"href":"https:\/\/www.manifestacom.com\/es\/wp-json\/wp\/v2\/media\/1155"}],"wp:attachment":[{"href":"https:\/\/www.manifestacom.com\/es\/wp-json\/wp\/v2\/media?parent=1485"}],"wp:term":[{"taxonomy":"category","embeddable":true,"href":"https:\/\/www.manifestacom.com\/es\/wp-json\/wp\/v2\/categories?post=1485"},{"taxonomy":"post_tag","embeddable":true,"href":"https:\/\/www.manifestacom.com\/es\/wp-json\/wp\/v2\/tags?post=1485"},{"taxonomy":"home_featured","embeddable":true,"href":"https:\/\/www.manifestacom.com\/es\/wp-json\/wp\/v2\/home_featured?post=1485"}],"curies":[{"name":"wp","href":"https:\/\/api.w.org\/{rel}","templated":true}]}}