{"id":1487,"date":"2011-10-19T16:37:46","date_gmt":"2011-10-19T16:37:46","guid":{"rendered":"http:\/\/www.manifestacom.com\/esperaba-algo-mas-de-la-campana-de-rubalcaba\/"},"modified":"2017-05-11T13:22:32","modified_gmt":"2017-05-11T13:22:32","slug":"esperaba-algo-mas-de-la-campana-de-rubalcaba","status":"publish","type":"post","link":"https:\/\/www.manifestacom.com\/es\/esperaba-algo-mas-de-la-campana-de-rubalcaba\/","title":{"rendered":"Esperaba algo m\u00e1s de la campa\u00f1a de Rubalcaba"},"content":{"rendered":"<p style=\"text-align: justify;\">Dejando de lado el factor ideol\u00f3gico, me esperaba mucho m\u00e1s de la campa\u00f1a electoral de <a href=\"http:\/\/www.rubalcaba.es\/\" target=\"_blank\">Alfredo P\u00e9rez Rubalcaba<\/a>. Ten\u00eda la convicci\u00f3n que \u201chab\u00eda partido\u201d. Pero, al menos, de momento, no ha sido as\u00ed. Todo parece indicar que la carrera de Mariano Rajoy en la Moncloa es imparable.<\/p>\n<p style=\"text-align: justify;\">Errores aparte, que entiendo que todos los cometemos, Rubalcaba tiene una imagen de pol\u00edtico eficaz, serio, con las ideas claras y con un discurso bien trabado. Es, sin duda, uno de los mejores oradores del panorama pol\u00edtico espa\u00f1ol. Es decir, tiene, o quiz\u00e1s mejor dicho ten\u00eda, todos los requerimientos para hacer una campa\u00f1a diferente, valiente -no tiene nada que perder-, incisiva que\u00a0pusiera\u00a0las cosas m\u00e1s dif\u00edciles al candidato del PP.<\/p>\n<p style=\"text-align: justify;\">El silencio casi sepulcral de Rajoy, tanto en lo referente a las cuestiones m\u00e1s candentes como las propuestas de su partido para los pr\u00f3ximos cuatro a\u00f1os, se lo pon\u00eda todav\u00eda m\u00e1s f\u00e1cil. Entiendo que luchar contra esta crisis brutal o hacia la imagen de pol\u00edtico que ya lleva demasiados a\u00f1os con coche oficial no es f\u00e1cil. Nada f\u00e1cil. Pero creo que alguien est\u00e1 cometiendo un grave error desde el punto de vista de estrategia y comunicaci\u00f3n electoral.<\/p>\n<p style=\"text-align: justify;\">Probablemente alguien con responsabilidades ministeriales se alegrar\u00e1 a partir de las 20h. del pr\u00f3ximo 20 de noviembre.<\/p>\n","protected":false},"excerpt":{"rendered":"<p>Dejando de lado el factor ideol\u00f3gico, me esperaba mucho m\u00e1s de la campa\u00f1a electoral de Alfredo P\u00e9rez Rubalcaba. Ten\u00eda la convicci\u00f3n que \u201chab\u00eda partido\u201d. Pero, al menos, de momento, no ha sido as\u00ed. Todo parece indicar que la carrera de Mariano Rajoy en la Moncloa&#8230;<\/p>\n","protected":false},"author":1,"featured_media":1161,"comment_status":"open","ping_status":"open","sticky":false,"template":"","format":"standard","meta":{"footnotes":""},"categories":[421],"tags":[340,341,124],"home_featured":[],"class_list":["post-1487","post","type-post","status-publish","format-standard","has-post-thumbnail","hentry","category-el-post-es","tag-alfredo-perez-rubalcaba","tag-mariano-rajoy","tag-comunicacio-electoral"],"acf":[],"_links":{"self":[{"href":"https:\/\/www.manifestacom.com\/es\/wp-json\/wp\/v2\/posts\/1487","targetHints":{"allow":["GET"]}}],"collection":[{"href":"https:\/\/www.manifestacom.com\/es\/wp-json\/wp\/v2\/posts"}],"about":[{"href":"https:\/\/www.manifestacom.com\/es\/wp-json\/wp\/v2\/types\/post"}],"author":[{"embeddable":true,"href":"https:\/\/www.manifestacom.com\/es\/wp-json\/wp\/v2\/users\/1"}],"replies":[{"embeddable":true,"href":"https:\/\/www.manifestacom.com\/es\/wp-json\/wp\/v2\/comments?post=1487"}],"version-history":[{"count":1,"href":"https:\/\/www.manifestacom.com\/es\/wp-json\/wp\/v2\/posts\/1487\/revisions"}],"predecessor-version":[{"id":1893,"href":"https:\/\/www.manifestacom.com\/es\/wp-json\/wp\/v2\/posts\/1487\/revisions\/1893"}],"wp:featuredmedia":[{"embeddable":true,"href":"https:\/\/www.manifestacom.com\/es\/wp-json\/wp\/v2\/media\/1161"}],"wp:attachment":[{"href":"https:\/\/www.manifestacom.com\/es\/wp-json\/wp\/v2\/media?parent=1487"}],"wp:term":[{"taxonomy":"category","embeddable":true,"href":"https:\/\/www.manifestacom.com\/es\/wp-json\/wp\/v2\/categories?post=1487"},{"taxonomy":"post_tag","embeddable":true,"href":"https:\/\/www.manifestacom.com\/es\/wp-json\/wp\/v2\/tags?post=1487"},{"taxonomy":"home_featured","embeddable":true,"href":"https:\/\/www.manifestacom.com\/es\/wp-json\/wp\/v2\/home_featured?post=1487"}],"curies":[{"name":"wp","href":"https:\/\/api.w.org\/{rel}","templated":true}]}}