{"id":1488,"date":"2014-06-21T19:19:39","date_gmt":"2014-06-21T19:19:39","guid":{"rendered":"http:\/\/www.manifestacom.com\/ni-pancartas-ni-cacerolas-como-los-afectados-por-los-valores-santander-llevaron-al-banco-ante-la-audiencia-nacional\/"},"modified":"2017-05-11T11:19:40","modified_gmt":"2017-05-11T11:19:40","slug":"ni-pancartas-ni-cacerolas-como-los-afectados-por-los-valores-santander-llevaron-al-banco-ante-la-audiencia-nacional","status":"publish","type":"post","link":"https:\/\/www.manifestacom.com\/es\/ni-pancartas-ni-cacerolas-como-los-afectados-por-los-valores-santander-llevaron-al-banco-ante-la-audiencia-nacional\/","title":{"rendered":"Ni pancartas ni cacerolas: c\u00f3mo los afectados por los \u201cValores Santander\u201d llevaron al banco ante la Audiencia Nacional"},"content":{"rendered":"<p>La semana pasada la Audiencia Nacional <a href=\"http:\/\/www.acn.cat\/acn\/754939\/Noticia\/text\/Noticia.html\" target=\"_blank\">admiti\u00f3 a tr\u00e1mite<\/a> una denuncia de clientes contra el Banco de Santander por la comercializaci\u00f3n, supuestamente fraudulenta, de los \u201cValores Santander\u201d. \u00bfPor qu\u00e9 no pudo el banco desactivar la movilizaci\u00f3n y solucionar el conflicto como hizo, por ejemplo, con los afectados por el <a href=\"http:\/\/www.expansion.com\/2009\/01\/27\/inversion\/1233095656.html\" target=\"_blank\">caso Madoff<\/a> o el de <a href=\"http:\/\/www.elconfidencial.com\/mercados\/archivo\/2009\/09\/14\/noticias_48_clientes_santander_afectados_lehman_recupero_dinero.html\" target=\"_blank\">Lehman Brothers<\/a>?<\/p>\n<p>Parece que la respuesta est\u00e1 en las herramientas de comunicaci\u00f3n y organizaci\u00f3n que utilizaron los afectados para preparar la denuncia. Como de costumbre, todo comenz\u00f3 con un solo hombre muy enfadado: el banco vendi\u00f3 a su mujer un complicado producto financiero que le hizo perder la mitad de sus ahorros. Y como de costumbre, el hombre enfadado busc\u00f3 y encontr\u00f3 miles de afectados tambi\u00e9n enfadados. Ante la negativa del banco para sentarse a negociar una compensaci\u00f3n, se organizaron para preparar la querella.<\/p>\n<p>Ni pancartas ni caceroladas. Os recomendamos el art\u00edculo de <a href=\"http:\/\/www.eldiario.es\/economia\/Botin-Audiencia-Nacional-posible-Facebook_0_272623472.html\" target=\"_blank\">eldiario.es<\/a> que explica como despu\u00e9s de ver que en Twitter sus quejas no atra\u00edan la atenci\u00f3n de los medios de comunicaci\u00f3n como hab\u00eda pasado con el caso de las preferentes, los afectados optaron por un grupo cerrado de Facebook que pas\u00f3 desapercibido para el banco. Esto les permiti\u00f3 unir esfuerzos y juntar pruebas para armar denuncias y presentar la querella que ha conseguido que la Audiencia Nacional comience la investigaci\u00f3n.<\/p>\n","protected":false},"excerpt":{"rendered":"<p>La semana pasada la Audiencia Nacional admiti\u00f3 a tr\u00e1mite una denuncia de clientes contra el Banco de Santander por la comercializaci\u00f3n, supuestamente fraudulenta, de los \u201cValores Santander\u201d. \u00bfPor qu\u00e9 no pudo el banco desactivar la movilizaci\u00f3n y solucionar el conflicto como hizo, por ejemplo, con&#8230;<\/p>\n","protected":false},"author":1,"featured_media":1164,"comment_status":"open","ping_status":"open","sticky":false,"template":"","format":"standard","meta":{"footnotes":""},"categories":[422],"tags":[342,343,344,345,346,347,329,101],"home_featured":[],"class_list":["post-1488","post","type-post","status-publish","format-standard","has-post-thumbnail","hentry","category-la-noticia-y-el-comentario","tag-banco-santander","tag-comunicacion-2-0","tag-comunicacion-de-crisis","tag-comunicacion-digital","tag-estafa","tag-valores-santander","tag-redes-sociales","tag-facebook"],"acf":[],"_links":{"self":[{"href":"https:\/\/www.manifestacom.com\/es\/wp-json\/wp\/v2\/posts\/1488","targetHints":{"allow":["GET"]}}],"collection":[{"href":"https:\/\/www.manifestacom.com\/es\/wp-json\/wp\/v2\/posts"}],"about":[{"href":"https:\/\/www.manifestacom.com\/es\/wp-json\/wp\/v2\/types\/post"}],"author":[{"embeddable":true,"href":"https:\/\/www.manifestacom.com\/es\/wp-json\/wp\/v2\/users\/1"}],"replies":[{"embeddable":true,"href":"https:\/\/www.manifestacom.com\/es\/wp-json\/wp\/v2\/comments?post=1488"}],"version-history":[{"count":2,"href":"https:\/\/www.manifestacom.com\/es\/wp-json\/wp\/v2\/posts\/1488\/revisions"}],"predecessor-version":[{"id":1865,"href":"https:\/\/www.manifestacom.com\/es\/wp-json\/wp\/v2\/posts\/1488\/revisions\/1865"}],"wp:featuredmedia":[{"embeddable":true,"href":"https:\/\/www.manifestacom.com\/es\/wp-json\/wp\/v2\/media\/1164"}],"wp:attachment":[{"href":"https:\/\/www.manifestacom.com\/es\/wp-json\/wp\/v2\/media?parent=1488"}],"wp:term":[{"taxonomy":"category","embeddable":true,"href":"https:\/\/www.manifestacom.com\/es\/wp-json\/wp\/v2\/categories?post=1488"},{"taxonomy":"post_tag","embeddable":true,"href":"https:\/\/www.manifestacom.com\/es\/wp-json\/wp\/v2\/tags?post=1488"},{"taxonomy":"home_featured","embeddable":true,"href":"https:\/\/www.manifestacom.com\/es\/wp-json\/wp\/v2\/home_featured?post=1488"}],"curies":[{"name":"wp","href":"https:\/\/api.w.org\/{rel}","templated":true}]}}