{"id":1489,"date":"2013-09-13T09:14:44","date_gmt":"2013-09-13T09:14:44","guid":{"rendered":"http:\/\/www.manifestacom.com\/noticias-que-matan-y-pifias-que-hieren-gravemente\/"},"modified":"2017-05-04T13:18:17","modified_gmt":"2017-05-04T13:18:17","slug":"noticias-que-matan-y-pifias-que-hieren-gravemente","status":"publish","type":"post","link":"https:\/\/www.manifestacom.com\/es\/noticias-que-matan-y-pifias-que-hieren-gravemente\/","title":{"rendered":"Noticias que matan y p\u00edfias que hieren gravemente"},"content":{"rendered":"<div id=\"gt-res-content\">\n<div dir=\"ltr\">\n<div id=\"attachment_2027\" class=\"wp-caption aligncenter\" style=\"width: 471px;\"><a href=\"https:\/\/twitter.com\/jgm41\/statuses\/374176318755074049\"><img loading=\"lazy\" decoding=\"async\" class=\" wp-image-2027 \" title=\"Mandela_McGrath\" src=\"http:\/\/www.manifestacom.com\/wp-content\/uploads\/2013\/09\/tuit_McGrath.jpeg\" alt=\"\" width=\"461\" height=\"267\" \/><\/a><\/p>\n<p class=\"wp-caption-text\">El tuit de disculpa de McGrath, el portavoz de George Bush. El subrayado en rojo es nuestro.<\/p>\n<\/div>\n<p>El portavoz del ex Presidente de los Estados Unidos George Bush (el padre), Jim McGrath, debe estar todav\u00eda recuper\u00e1ndose del golpe. El s\u00e1bado 1 de septiembre, despu\u00e9s de malinterpretar un titular del Washington Post, <a href=\"http:\/\/www.dailymail.co.uk\/news\/article-2408414\/Former-President-George-H-W-Bush-prematurely-announces-Nelson-Mandelas-death-spokesman-misreads-news-flash.html\" target=\"_blank\">envi\u00f3 <\/a>una nota oficial en la que expresaba el p\u00e9same por la muerte del l\u00edder sudafricano y Premio Nobel de la Paz 1993 Nelson Mandela en nombre del ex presidente. Mandela, aunque gravemente enfermo desde hace meses, todav\u00eda est\u00e1 vivo.<\/p>\n<p>Ese mismo d\u00eda, McGrath ped\u00eda disculpas por la pifia o \u201cest\u00fapido error\u201d, como \u00e9l mismo dijo, a trav\u00e9s de su cuenta de <a href=\"https:\/\/twitter.com\/jgm41\/statuses\/374176318755074049\" target=\"_blank\">Twitter<\/a>:<\/p>\n<blockquote class=\"twitter-tweet\"><p>The 41 stmnt sent this morning was the result of my mis-reading the header on the WaPo news flash. Stupid mistake by me. Apologies to all.<\/p>\n<p>\u2014 Jim McGrath (@jgm41) <a href=\"https:\/\/twitter.com\/jgm41\/statuses\/374176318755074049\">September 1, 2013<\/a><\/p><\/blockquote>\n<p>Las prisas, siempre las prisas. Los canales de noticias <a href=\"http:\/\/www.telegraph.co.uk\/news\/worldnews\/nelson-mandela\/10278993\/George-Bush-Sr-mistakenly-announces-Nelson-Mandelas-death.html\" target=\"_blank\">CNN y BNO se hicieron eco<\/a> de la nota de McGrath y la falsa noticia corri\u00f3 como la p\u00f3lvora. \u00bfRecuerdan lo que dec\u00edamos hace un tiempo de <a href=\"http:\/\/www.manifestacom.com\/es\/2013\/06\/05\/verificacio-de-continguts-a-la-xarxa-i-no-oblidem-els-basics\/\" target=\"_blank\">verificar las informaciones<\/a> sea cual sea la fuente a trav\u00e9s de la que nos llega? De hecho, el propio McGrath advert\u00eda en su nota: \u201cNo tenemos ninguna verificaci\u00f3n independiente de los hechos ocurridos en Sud\u00e1frica\u201d.<\/p>\n<p>Nos lo tenemos que repetir tantas veces como sea necesario: la inmediatez de la comunicaci\u00f3n actual no nos puede hacer perder el norte. Prudencia. El precio a pagar en t\u00e9rminos de credibilidad profesional es muy alto.<\/p>\n<\/div>\n<\/div>\n","protected":false},"excerpt":{"rendered":"<p>El tuit de disculpa de McGrath, el portavoz de George Bush. El subrayado en rojo es nuestro. El portavoz del ex Presidente de los Estados Unidos George Bush (el padre), Jim McGrath, debe estar todav\u00eda recuper\u00e1ndose del golpe. El s\u00e1bado 1 de septiembre, despu\u00e9s de&#8230;<\/p>\n","protected":false},"author":1,"featured_media":1167,"comment_status":"open","ping_status":"open","sticky":false,"template":"","format":"standard","meta":{"footnotes":""},"categories":[422],"tags":[],"home_featured":[],"class_list":["post-1489","post","type-post","status-publish","format-standard","has-post-thumbnail","hentry","category-la-noticia-y-el-comentario"],"acf":[],"_links":{"self":[{"href":"https:\/\/www.manifestacom.com\/es\/wp-json\/wp\/v2\/posts\/1489","targetHints":{"allow":["GET"]}}],"collection":[{"href":"https:\/\/www.manifestacom.com\/es\/wp-json\/wp\/v2\/posts"}],"about":[{"href":"https:\/\/www.manifestacom.com\/es\/wp-json\/wp\/v2\/types\/post"}],"author":[{"embeddable":true,"href":"https:\/\/www.manifestacom.com\/es\/wp-json\/wp\/v2\/users\/1"}],"replies":[{"embeddable":true,"href":"https:\/\/www.manifestacom.com\/es\/wp-json\/wp\/v2\/comments?post=1489"}],"version-history":[{"count":1,"href":"https:\/\/www.manifestacom.com\/es\/wp-json\/wp\/v2\/posts\/1489\/revisions"}],"predecessor-version":[{"id":1563,"href":"https:\/\/www.manifestacom.com\/es\/wp-json\/wp\/v2\/posts\/1489\/revisions\/1563"}],"wp:featuredmedia":[{"embeddable":true,"href":"https:\/\/www.manifestacom.com\/es\/wp-json\/wp\/v2\/media\/1167"}],"wp:attachment":[{"href":"https:\/\/www.manifestacom.com\/es\/wp-json\/wp\/v2\/media?parent=1489"}],"wp:term":[{"taxonomy":"category","embeddable":true,"href":"https:\/\/www.manifestacom.com\/es\/wp-json\/wp\/v2\/categories?post=1489"},{"taxonomy":"post_tag","embeddable":true,"href":"https:\/\/www.manifestacom.com\/es\/wp-json\/wp\/v2\/tags?post=1489"},{"taxonomy":"home_featured","embeddable":true,"href":"https:\/\/www.manifestacom.com\/es\/wp-json\/wp\/v2\/home_featured?post=1489"}],"curies":[{"name":"wp","href":"https:\/\/api.w.org\/{rel}","templated":true}]}}