{"id":1493,"date":"2012-12-04T17:48:59","date_gmt":"2012-12-04T17:48:59","guid":{"rendered":"http:\/\/www.manifestacom.com\/oposicion-frontal-a-la-reforma-educativa-de-wert\/"},"modified":"2017-05-09T16:16:13","modified_gmt":"2017-05-09T16:16:13","slug":"oposicion-frontal-a-la-reforma-educativa-de-wert","status":"publish","type":"post","link":"https:\/\/www.manifestacom.com\/es\/oposicion-frontal-a-la-reforma-educativa-de-wert\/","title":{"rendered":"Oposici\u00f3n frontal a la reforma educativa de Wert"},"content":{"rendered":"<p>El ministro de Educaci\u00f3n, Cultura y Deporte, <a title=\"El Peri\u00f3dico\" href=\"http:\/\/www.elperiodico.com\/es\/noticias\/educacion\/generalitat-denuncia-ataque-lengua-catalana-con-ley-educativa-wert-2264901?utm_source=newsletter&amp;utm_medium=email&amp;utm_campaign=elPeriodico-ed07h\" target=\"_blank\">Jos\u00e9 Ignacio Wert, ha presentado hoy a los consejeros auton\u00f3micos el borrador de la Ley de Mejora de la Calidad Educativa (Lomce)<\/a>, un texto que ha encontrado r\u00e1pidamente la oposici\u00f3n frontal del Gobierno catal\u00e1n.<\/p>\n<p>Si la consellera de Educaci\u00f3n en funciones, Irene Rigau, calificaba el lunes la reforma de \u201cofensiva contra el catal\u00e1n\u201d \u2014es \u201cel mayor ataque al catal\u00e1n desde 1978\u2033, dijo\u2014, hoy por la ma\u00f1ana <a title=\"La Vanguardia\" href=\"http:\/\/www.lavanguardia.com\/politica\/20121204\/54356074604\/rigau-desobedecer-ley-wer-ultimas-consecuencias.html\" target=\"_blank\">Rigau se ha mostrado dispuesta a no aplicarla \u201chasta sus \u00faltimas consecuencias\u201d<\/a> y <a title=\"El Pa\u00eds\" href=\"http:\/\/sociedad.elpais.com\/sociedad\/2012\/12\/04\/actualidad\/1354616553_768479.html\" target=\"_blank\">ha anunciado su intenci\u00f3n de recurrirla ante el Tribunal Constitucional <\/a>ya que considera que \u201cse lo carga todo\u201d en cuanto a inmersi\u00f3n ling\u00fc\u00edstica incumpliendo la Constituci\u00f3n y el Estatut en relaci\u00f3n al trato que han de recibir las lenguas cooficiales. De hecho, por la tarde Rigau ha abandonado la reuni\u00f3n de la conferencia sectorial de Educaci\u00f3n presidida por Wert pese a que el Ministro ha presentado una alternativa con algunos cambios referentes a las lenguas cooficiales.<\/p>\n<p>El texto autoriza a los padres a escoger la lengua vehicular de la ense\u00f1anza de sus hijos y pretende, entre otros, que los alumnos que lo deseen reciban formaci\u00f3n en castellano en las comunidades con lengua cooficial. Por eso, cuando no haya oferta docente p\u00fablica o concertada \u201crazonable\u201d para estos alumnos, las autonom\u00edas deber\u00e1n pagar la matriculaci\u00f3n en centros privados que ense\u00f1en el castellano.<\/p>\n<p>La consellera ha incidido sobre todo en que las lenguas cooficiales pasar\u00e1n al bloque de asignaturas de especialidad dejando de ser parte de las troncales, lo que significa, por ejemplo, que un centro puede decidir que s\u00f3lo imparte una hora de catal\u00e1n a la semana a sus alumnos. Rigau est\u00e1 convencida de que \u201cel texto es tan ofensivo que tendr\u00e1 el respaldo un\u00e1nime de toda la comunidad educativa catalana para no aplicarla\u201d.<\/p>\n<p>Las reacciones de otros miembros del Gobierno, de partidos pol\u00edticos y de representantes de la sociedad catalana no se han hecho esperar tanto a trav\u00e9s de los medios de comunicaci\u00f3n convencionales como en las redes sociales, donde el tema ha sido trending topic bajo las etiquetas <a title=\"Wert\" href=\"https:\/\/twitter.com\/search?q=Wert&amp;src=tren\" target=\"_blank\">#Wert<\/a> y <a title=\"Wertgonya\" href=\"https:\/\/twitter.com\/search?q=%23wertgonya&amp;src=rela\" target=\"_blank\">#WertGonya<\/a>.<\/p>\n<p>El secretario general de ICV, <a title=\"La Vanguardia\" href=\"http:\/\/www.lavanguardia.com\/politica\/20121204\/54356076272\/herrera-exige-rajoy-cese-inmediato-wert.html\" target=\"_blank\">Joan Herrera, ha exigido a Rajoy que cese inmediatamente Wert por el borrador de la ley<\/a>. <a title=\"El Peri\u00f3dico\" href=\"http:\/\/www.elperiodico.com\/es\/noticias\/sociedad\/los-sindicatos-rechazan-borrador-lomce-por-constituir-ataque-sin-precedentes-2264956\" target=\"_blank\">Los sindicatos tambi\u00e9n han rechazado el plan de Wert <\/a>calific\u00e1ndolo de \u201crecentralizador\u201d y \u201cespa\u00f1olizador\u201d en palabras de los secretarios generales de CCOO y UGT, Joan Carles Gallego y Josep Maria \u00c1lvarez, respectivamente.<\/p>\n<p><a title=\"El Peri\u00f3dico\" href=\"http:\/\/www.elperiodico.com\/es\/noticias\/sociedad\/fapac-rechaza-proyecto-reforma-wert-contra-catalan-2265385\" target=\"_blank\">La Federaci\u00f3n de Asociaciones de Padres y Madres de Alumnos de Catalunya (FAPAC) ha mostrado su \u201cfirme indignaci\u00f3n y rechazo\u201d <\/a>al proyecto de ley del ministro de Educaci\u00f3n, que relega al catal\u00e1n a \u201cun papel testimonial\u201d en el sistema educativo mientras que <a title=\"El Peri\u00f3dico\" href=\"http:\/\/www.elperiodico.com\/es\/noticias\/sociedad\/somescolacat-llama-movilizacion-contra-reforma-educativa-del-ministro-wert-2264989\" target=\"_blank\">Somescola. Cat, la plataforma de entidades en defensa de la escuela catalana, ha pedido la movilizaci\u00f3n<\/a> en contra de la reforma educativa.<\/p>\n<p>Algunos de los comentarios destacados en <a title=\"Twitter\" href=\"https:\/\/twitter.com\/\" target=\"_blank\">Twitter <\/a>son los siguientes:<\/p>\n<p><a href=\"http:\/\/www.manifestacom.com\/2012\/12\/04\/oposicio-frontal-a-la-reforma-educativa-de-wert\/duran-2\/\" rel=\"attachment wp-att-1501\"><img decoding=\"async\" class=\"alignleft size-full wp-image-1501\" title=\"Contra la reforma educativa_Duran i Lleida\" src=\"http:\/\/www.manifestacom.com\/wp-content\/uploads\/2012\/12\/duran1.bmp\" alt=\"Contra la reforma educativa_Duran i Lleida\" \/><\/a><\/p>\n<p><a href=\"http:\/\/www.manifestacom.com\/2012\/12\/04\/oposicio-frontal-a-la-reforma-educativa-de-wert\/nadal-2\/\" rel=\"attachment wp-att-1502\"><img decoding=\"async\" class=\"alignleft size-full wp-image-1502\" title=\"Contra la reforma educativa_Joaquim Nadal\" src=\"http:\/\/www.manifestacom.com\/wp-content\/uploads\/2012\/12\/nadal1.bmp\" alt=\"Contra la reforma educativa_Joaquim Nadal\" \/><\/a><\/p>\n<p><a href=\"http:\/\/www.manifestacom.com\/2012\/12\/04\/oposicio-frontal-a-la-reforma-educativa-de-wert\/llamazares\/\" rel=\"attachment wp-att-1503\"><img decoding=\"async\" class=\"alignleft size-full wp-image-1503\" title=\"Contra la reforma educativa_Gaspar Llamazares\" src=\"http:\/\/www.manifestacom.com\/wp-content\/uploads\/2012\/12\/llamazares.bmp\" alt=\"Contra la reforma educativa_Gaspar Llamazares\" \/><\/a><\/p>\n<p><a href=\"http:\/\/www.manifestacom.com\/2012\/12\/04\/oposicio-frontal-a-la-reforma-educativa-de-wert\/calcada\/\" rel=\"attachment wp-att-1504\"><img decoding=\"async\" class=\"alignleft size-full wp-image-1504\" title=\"Contra la reforma educativa_MiquelCal\u00e7ada\" src=\"http:\/\/www.manifestacom.com\/wp-content\/uploads\/2012\/12\/cal\u00e7ada.bmp\" alt=\"Contra la reforma educativa_MiquelCal\u00e7ada\" \/><\/a><\/p>\n<p><a href=\"http:\/\/www.manifestacom.com\/2012\/12\/04\/oposicio-frontal-a-la-reforma-educativa-de-wert\/rivera\/\" rel=\"attachment wp-att-1505\"><img decoding=\"async\" class=\"alignleft size-full wp-image-1505\" title=\"Contra la reforma educativa_AlbertRivera\" src=\"http:\/\/www.manifestacom.com\/wp-content\/uploads\/2012\/12\/rivera.bmp\" alt=\"Contra la reforma educativa_AlbertRivera\" \/><\/a><\/p>\n<p><a href=\"http:\/\/www.manifestacom.com\/2012\/12\/04\/oposicio-frontal-a-la-reforma-educativa-de-wert\/bosch\/\" rel=\"attachment wp-att-1506\"><img decoding=\"async\" class=\"alignleft size-full wp-image-1506\" title=\"Contra la reforma educativa_AlfredBosch\" src=\"http:\/\/www.manifestacom.com\/wp-content\/uploads\/2012\/12\/bosch.bmp\" alt=\"Contra la reforma educativa_AlfredBosch\" \/><\/a><\/p>\n<p><a href=\"http:\/\/www.manifestacom.com\/2012\/12\/04\/oposicio-frontal-a-la-reforma-educativa-de-wert\/cup\/\" rel=\"attachment wp-att-1507\"><img decoding=\"async\" class=\"alignleft size-full wp-image-1507\" title=\"Contra la reforma educativa_David Fern\u00e1ndez\" src=\"http:\/\/www.manifestacom.com\/wp-content\/uploads\/2012\/12\/cup.bmp\" alt=\"Contra la reforma educativa_David Fern\u00e1ndez\" \/><\/a><\/p>\n","protected":false},"excerpt":{"rendered":"<p>El ministro de Educaci\u00f3n, Cultura y Deporte, Jos\u00e9 Ignacio Wert, ha presentado hoy a los consejeros auton\u00f3micos el borrador de la Ley de Mejora de la Calidad Educativa (Lomce), un texto que ha encontrado r\u00e1pidamente la oposici\u00f3n frontal del Gobierno catal\u00e1n. Si la consellera de&#8230;<\/p>\n","protected":false},"author":1,"featured_media":1177,"comment_status":"open","ping_status":"open","sticky":false,"template":"","format":"standard","meta":{"footnotes":""},"categories":[421],"tags":[277,60],"home_featured":[],"class_list":["post-1493","post","type-post","status-publish","format-standard","has-post-thumbnail","hentry","category-el-post-es","tag-educacio","tag-twitter"],"acf":[],"_links":{"self":[{"href":"https:\/\/www.manifestacom.com\/es\/wp-json\/wp\/v2\/posts\/1493","targetHints":{"allow":["GET"]}}],"collection":[{"href":"https:\/\/www.manifestacom.com\/es\/wp-json\/wp\/v2\/posts"}],"about":[{"href":"https:\/\/www.manifestacom.com\/es\/wp-json\/wp\/v2\/types\/post"}],"author":[{"embeddable":true,"href":"https:\/\/www.manifestacom.com\/es\/wp-json\/wp\/v2\/users\/1"}],"replies":[{"embeddable":true,"href":"https:\/\/www.manifestacom.com\/es\/wp-json\/wp\/v2\/comments?post=1493"}],"version-history":[{"count":1,"href":"https:\/\/www.manifestacom.com\/es\/wp-json\/wp\/v2\/posts\/1493\/revisions"}],"predecessor-version":[{"id":1809,"href":"https:\/\/www.manifestacom.com\/es\/wp-json\/wp\/v2\/posts\/1493\/revisions\/1809"}],"wp:featuredmedia":[{"embeddable":true,"href":"https:\/\/www.manifestacom.com\/es\/wp-json\/wp\/v2\/media\/1177"}],"wp:attachment":[{"href":"https:\/\/www.manifestacom.com\/es\/wp-json\/wp\/v2\/media?parent=1493"}],"wp:term":[{"taxonomy":"category","embeddable":true,"href":"https:\/\/www.manifestacom.com\/es\/wp-json\/wp\/v2\/categories?post=1493"},{"taxonomy":"post_tag","embeddable":true,"href":"https:\/\/www.manifestacom.com\/es\/wp-json\/wp\/v2\/tags?post=1493"},{"taxonomy":"home_featured","embeddable":true,"href":"https:\/\/www.manifestacom.com\/es\/wp-json\/wp\/v2\/home_featured?post=1493"}],"curies":[{"name":"wp","href":"https:\/\/api.w.org\/{rel}","templated":true}]}}