{"id":1494,"date":"2012-11-30T00:49:57","date_gmt":"2012-11-30T00:49:57","guid":{"rendered":"http:\/\/www.manifestacom.com\/palestina-nuevo-estado-observador-no-miembro-de-la-onu\/"},"modified":"2017-05-17T10:34:33","modified_gmt":"2017-05-17T10:34:33","slug":"palestina-nuevo-estado-observador-no-miembro-de-la-onu","status":"publish","type":"post","link":"https:\/\/www.manifestacom.com\/es\/palestina-nuevo-estado-observador-no-miembro-de-la-onu\/","title":{"rendered":"Palestina, nuevo estado observador no miembro de la ONU"},"content":{"rendered":"<p><a href=\"http:\/\/www.manifestacom.com\/2012\/11\/30\/palestina-nou-estat-observador-no-membre-de-lonu\/palestina-3\/\" rel=\"attachment wp-att-1491\"><img loading=\"lazy\" decoding=\"async\" class=\"alignnone size-medium wp-image-1491\" title=\"palestina\" src=\"http:\/\/www.manifestacom.com\/wp-content\/uploads\/2012\/11\/palestina2-580x383.jpg\" alt=\"Palestina, nuevo estado observador no miembro de la ONU\" width=\"580\" height=\"383\" \/><\/a>Palestina por fin ha conseguido un respaldo claro de la comunidad internacional. Es desde esta semana un nuevo <a title=\"El Pa\u00eds\" href=\"http:\/\/internacional.elpais.com\/internacional\/2012\/11\/29\/actualidad\/1354211937_218747.html\" target=\"_blank\">estado observador no miembro de la ONU<\/a> gracias al apoyo de 138 pa\u00edses, en una votaci\u00f3n en la que 41 estados se abstuvieron \u2014destaca en este apartado el cambio de posici\u00f3n de la hasta ahora pro-israel\u00ed Alemania\u2014 y 9 votaron en contra, entre ellos Estados Unidos. La resoluci\u00f3n pone a Palestina al mismo nivel de representatividad que el Vaticano en la ONU y reconoce su derecho a la autodeterminaci\u00f3n en las fronteras de 1967.<\/p>\n<p>Este hecho es\u00a0 considerado por muchos el comienzo de una nueva era en el conflicto \u00e1rabe-israel\u00ed, una puerta abierta a nuevas negociaciones de paz tan s\u00f3lo una semana despu\u00e9s de que estallara una <a title=\"La Vanguardia\" href=\"http:\/\/www.lavanguardia.com\/internacional\/20121120\/54355436426\/espera-alto-fuego-gaza-guerra-curso.html\" target=\"_blank\">nueva ofensiva de Israel sobre la franja de Gaza<\/a>. En este sentido se manifest\u00f3 el impulsor de la resoluci\u00f3n, el presidente palestino Mahmud Abbas: \u201cestamos aqu\u00ed porque creemos en la paz\u2026 y porque su pueblo [el palestino] est\u00e1 desesperadamente necesitado de ella\u201d.<\/p>\n<p>La reacci\u00f3n de Israel y de su incondicional socio estadounidense no se hizo esperar. Tanto el embajador de Israel ante Naciones Unidas, Ron Prosor, como la embajadora de Estados Unidos, Susan Rice, se apresuraron a reclamar conversaciones directas entre palestinos e israel\u00edes como \u00fanica manera de resolver el conflicto.<\/p>\n<p>Seg\u00fan Rice \u201cesta resoluci\u00f3n no crea un Estado que no existe ni cambia la situaci\u00f3n sobre el terreno\u201d pero lo cierto es que\u00a0 <a title=\"El Pa\u00eds\" href=\"http:\/\/internacional.elpais.com\/internacional\/2012\/11\/29\/actualidad\/1354200965_769028.html\" target=\"_blank\">el jueves estall\u00f3 en Ramala una aut\u00e9ntica celebraci\u00f3n popular<\/a> ante lo que los dirigentes palestinos consideran una nueva era. Y es que esta resoluci\u00f3n puede ayudar a la unidad del pueblo palestino. Pero, adem\u00e1s, la resoluci\u00f3n pone en evidencia el creciente aislamiento diplom\u00e1tico de Israel y Estados Unidos.<\/p>\n","protected":false},"excerpt":{"rendered":"<p>Palestina por fin ha conseguido un respaldo claro de la comunidad internacional. Es desde esta semana un nuevo estado observador no miembro de la ONU gracias al apoyo de 138 pa\u00edses, en una votaci\u00f3n en la que 41 estados se abstuvieron \u2014destaca en este apartado&#8230;<\/p>\n","protected":false},"author":1,"featured_media":1180,"comment_status":"open","ping_status":"open","sticky":false,"template":"","format":"standard","meta":{"footnotes":""},"categories":[422],"tags":[353,354,47,48],"home_featured":[],"class_list":["post-1494","post","type-post","status-publish","format-standard","has-post-thumbnail","hentry","category-la-noticia-y-el-comentario","tag-internacional","tag-onu","tag-israel","tag-palestina"],"acf":[],"_links":{"self":[{"href":"https:\/\/www.manifestacom.com\/es\/wp-json\/wp\/v2\/posts\/1494","targetHints":{"allow":["GET"]}}],"collection":[{"href":"https:\/\/www.manifestacom.com\/es\/wp-json\/wp\/v2\/posts"}],"about":[{"href":"https:\/\/www.manifestacom.com\/es\/wp-json\/wp\/v2\/types\/post"}],"author":[{"embeddable":true,"href":"https:\/\/www.manifestacom.com\/es\/wp-json\/wp\/v2\/users\/1"}],"replies":[{"embeddable":true,"href":"https:\/\/www.manifestacom.com\/es\/wp-json\/wp\/v2\/comments?post=1494"}],"version-history":[{"count":1,"href":"https:\/\/www.manifestacom.com\/es\/wp-json\/wp\/v2\/posts\/1494\/revisions"}],"predecessor-version":[{"id":1964,"href":"https:\/\/www.manifestacom.com\/es\/wp-json\/wp\/v2\/posts\/1494\/revisions\/1964"}],"wp:featuredmedia":[{"embeddable":true,"href":"https:\/\/www.manifestacom.com\/es\/wp-json\/wp\/v2\/media\/1180"}],"wp:attachment":[{"href":"https:\/\/www.manifestacom.com\/es\/wp-json\/wp\/v2\/media?parent=1494"}],"wp:term":[{"taxonomy":"category","embeddable":true,"href":"https:\/\/www.manifestacom.com\/es\/wp-json\/wp\/v2\/categories?post=1494"},{"taxonomy":"post_tag","embeddable":true,"href":"https:\/\/www.manifestacom.com\/es\/wp-json\/wp\/v2\/tags?post=1494"},{"taxonomy":"home_featured","embeddable":true,"href":"https:\/\/www.manifestacom.com\/es\/wp-json\/wp\/v2\/home_featured?post=1494"}],"curies":[{"name":"wp","href":"https:\/\/api.w.org\/{rel}","templated":true}]}}