{"id":1501,"date":"2012-07-24T09:13:41","date_gmt":"2012-07-24T09:13:41","guid":{"rendered":"http:\/\/www.manifestacom.com\/presentacion-de-gourmet-bus\/"},"modified":"2017-05-04T13:12:19","modified_gmt":"2017-05-04T13:12:19","slug":"presentacion-de-gourmet-bus","status":"publish","type":"post","link":"https:\/\/www.manifestacom.com\/es\/presentacion-de-gourmet-bus\/","title":{"rendered":"Presentaci\u00f3n de Gourmet Bus"},"content":{"rendered":"<div id=\"attachment_1283\" class=\"wp-caption alignnone\" style=\"width: 590px;\"><a href=\"http:\/\/www.manifestacom.com\/2012\/07\/24\/gourmet_bus\/gourmetbus-3-2\/\" rel=\"attachment wp-att-1283\"><img loading=\"lazy\" decoding=\"async\" class=\"size-medium wp-image-1283\" title=\"Gourmet Bus \" src=\"http:\/\/www.manifestacom.com\/wp-content\/uploads\/2012\/07\/GourmetBus-31-580x432.jpg\" alt=\"Gourmet Bus \" width=\"580\" height=\"432\" \/><\/a><\/p>\n<p class=\"wp-caption-text\">Imagen exterior de Gourmet Bus<\/p>\n<\/div>\n<p><strong><a title=\"Grupo Juli\u00e0\" href=\"http:\/\/www.grupojulia.com\/es\/\" target=\"_blank\">\u00a0Grupo Juli\u00e0<\/a> y <a title=\"Turisme de Barcelona\" href=\"http:\/\/www.barcelonaturisme.com\/Castellano\/_3Ngb8YjSpL2a3y4pka50kqpseWLZZKzqjx3a0wlp-evhIl_qPjsMVO3Mzlw7oeJtK38M4p2NHxs29vnPWZ7GfUWLUu8qfbSutAsF1ZdtJ9Q\" target=\"_blank\">Turisme de Barcelona<\/a> han presentado <a title=\"Gourmet Bus\" href=\"http:\/\/www.gourmetbus.com\/index.php\/ca\/\" target=\"_blank\">Gourmet Bus<\/a>, un concepto tur\u00edstico pionero a nivel internacional que pone al alcance de los visitantes una forma diferente de conocer la ciudad. Gourmet Bus, que empieza a funcionar el jueves 26 de julio, supone la fusi\u00f3n de dos servicios: un recorrido panor\u00e1mico y guiado por Barcelona en autocar y una cena gastron\u00f3mico a bordo a cargo por el prestigioso cocinero Carles Gaig, una estrella Michelin, que ofrecer\u00e1 una degustaci\u00f3n de los platos m\u00e1s representativos de su cocina.<\/strong><\/p>\n<p>El autocar, especialmente concebido para prestar este servicio, dispone de 12 mesas para 2 y 4 personas, un total de 34 butacas, cocina, elevador de platos y WCs diferenciados. La visita tur\u00edstica est\u00e1 guiada mediante el uso de la tecnolog\u00eda tablet. Los iPad, integrados en las mesas de cada una de las posiciones y conectados al GPS, permitir\u00e1n a cada usuario seguir las explicaciones sobre el recorrido y los lugares visitados, con la posibilidad de elegir entre 11 idiomas.<\/p>\n<p>El veh\u00edculo, un MAN Euro 5 EEV carrozado por <a title=\"Ayats\" href=\"http:\/\/www.carroceriasayats.com\/\" target=\"_blank\">Ayats <\/a>y dise\u00f1ado por el interiorista <a title=\"Estudi Josep Cortina\" href=\"http:\/\/www.josepcortina.com\/#\/nav\/about\" target=\"_blank\">Josep Cortina<\/a>, es un modelo \u00fanico con vistas panor\u00e1micas, gracias a una altura de dos pisos y a sus techos transparentes. En su desarrollo, que ha durado dos a\u00f1os, se ha invertido m\u00e1s de medio mill\u00f3n de euros. En su fase inicial Gourmet Bus dar\u00e1 trabajo a 8 personas entre conductores, camareros y gu\u00edas-azafatas. Grupo Juli\u00e0 no descarta ampliar la flota en funci\u00f3n de la aceptaci\u00f3n del nuevo servicio. Otras ciudades europeas ya han mostrado su inter\u00e9s por esta iniciativa.<\/p>\n<p>Gourmet Bus, que iniciar\u00e1 y acabar\u00e1 el trayecto en la oficina de <a title=\"Juli\u00e0 Travel\" href=\"http:\/\/www.juliatravel.com\/es\/\" target=\"_blank\">Juli\u00e0 Travel<\/a> de Barcelona (Ronda Universitat 5) <a title=\"Ruta \u00edntegra de Gourmet Bus\" href=\"http:\/\/bit.ly\/MU03Hd\" target=\"_blank\">recorrer\u00e1 durante tres horas los puntos emblem\u00e1ticos de Barcelona<\/a>, como la Casa Batll\u00f3, la Pedrera, la Torre Agbar, Arc de Triomf, el Puerto Ol\u00edmpico, la Barceloneta, Plaza Espanya, Montju\u00efc, la Catedral y Plaza Catalunya, entre otros. El servicio operar\u00e1 de forma regular todos los d\u00edas del a\u00f1o (excepto Navidad y A\u00f1o Nuevo) en dos turnos: a las 17.30 h y a las 21.00 h. El precio del billete para particulares ser\u00e1 de 95 euros para los adultos, con un descuento del 20% para ni\u00f1os. El servicio tambi\u00e9n podr\u00e1 ser contratado para empresas en horario de ma\u00f1ana.<\/p>\n<p>La presentaci\u00f3n de Gourmet Bus ha tenido lugar en Montju\u00efc y ha contado con la participaci\u00f3n del alcalde de la ciudad, Xavier Trias, el presidente de Grupo Juli\u00e0, Josep Adell, el presidente del Comit\u00e9 Ejecutivo de Turisme de Barcelona, Joan Gaspart, y el chef Carles Gaig.<\/p>\n<p><strong>Grupo Juli\u00e0, especialista en turismo urbano<\/strong><br \/>\nGrupo Juli\u00e0 organiza el servicio de Gourmet Bus a trav\u00e9s de Juli\u00e0 Travel, la divisi\u00f3n especializada en turismo receptivo del grupo, en colaboraci\u00f3n con <a title=\"Autocares Juli\u00e0\" href=\"http:\/\/www.autocaresjulia.es\/es\/\" target=\"_blank\">Autocares Juli\u00e0<\/a>, la divisi\u00f3n de transporte discrecional de la compa\u00f1\u00eda.<br \/>\nCon este lanzamiento Grupo Juli\u00e0 consolida la apuesta por el desarrollo de su divisi\u00f3n de buses tur\u00edsticos tanto en Espa\u00f1a como a nivel internacional. En la actualidad opera los servicios de bus tur\u00edstico de <a title=\"Madrid City Tour\" href=\"http:\/\/www.madridcitytour.es\/\" target=\"_blank\">Madrid<\/a>, <a title=\"Barcelona City Tour\" href=\"http:\/\/www.barcelonacitytour.cat\/es\/\" target=\"_blank\">Barcelona City Tour<\/a>, <a title=\"Toledo City Tour\" href=\"http:\/\/www.busturisticotoledo.com\/\" target=\"_blank\">Toledo<\/a>, Andorra, <a title=\"Turibus\" href=\"http:\/\/www.turibus.com.mx\/\" target=\"_blank\">M\u00e9xico DF<\/a> y Marraquech, con un desplazamiento total de m\u00e1s de 1.740.000 pasajeros en 2011.<\/p>\n<p>Adem\u00e1s, la compa\u00f1\u00eda ampl\u00eda la difusi\u00f3n de la marca <a title=\"Gray Line\" href=\"http:\/\/www.grayline.com\/\" target=\"_blank\">Gray Line<\/a>, la principal organizaci\u00f3n de operadores de excursiones y actividades tur\u00edsticas de difusi\u00f3n mundial que el grupo gestiona en exclusiva desde enero de 2012 para el territorio espa\u00f1ol.<\/p>\n","protected":false},"excerpt":{"rendered":"<p>Imagen exterior de Gourmet Bus \u00a0Grupo Juli\u00e0 y Turisme de Barcelona han presentado Gourmet Bus, un concepto tur\u00edstico pionero a nivel internacional que pone al alcance de los visitantes una forma diferente de conocer la ciudad. Gourmet Bus, que empieza a funcionar el jueves 26&#8230;<\/p>\n","protected":false},"author":1,"featured_media":1201,"comment_status":"open","ping_status":"open","sticky":false,"template":"","format":"standard","meta":{"footnotes":""},"categories":[423],"tags":[],"home_featured":[],"class_list":["post-1501","post","type-post","status-publish","format-standard","has-post-thumbnail","hentry","category-nuestros-clientes"],"acf":[],"_links":{"self":[{"href":"https:\/\/www.manifestacom.com\/es\/wp-json\/wp\/v2\/posts\/1501","targetHints":{"allow":["GET"]}}],"collection":[{"href":"https:\/\/www.manifestacom.com\/es\/wp-json\/wp\/v2\/posts"}],"about":[{"href":"https:\/\/www.manifestacom.com\/es\/wp-json\/wp\/v2\/types\/post"}],"author":[{"embeddable":true,"href":"https:\/\/www.manifestacom.com\/es\/wp-json\/wp\/v2\/users\/1"}],"replies":[{"embeddable":true,"href":"https:\/\/www.manifestacom.com\/es\/wp-json\/wp\/v2\/comments?post=1501"}],"version-history":[{"count":1,"href":"https:\/\/www.manifestacom.com\/es\/wp-json\/wp\/v2\/posts\/1501\/revisions"}],"predecessor-version":[{"id":1556,"href":"https:\/\/www.manifestacom.com\/es\/wp-json\/wp\/v2\/posts\/1501\/revisions\/1556"}],"wp:featuredmedia":[{"embeddable":true,"href":"https:\/\/www.manifestacom.com\/es\/wp-json\/wp\/v2\/media\/1201"}],"wp:attachment":[{"href":"https:\/\/www.manifestacom.com\/es\/wp-json\/wp\/v2\/media?parent=1501"}],"wp:term":[{"taxonomy":"category","embeddable":true,"href":"https:\/\/www.manifestacom.com\/es\/wp-json\/wp\/v2\/categories?post=1501"},{"taxonomy":"post_tag","embeddable":true,"href":"https:\/\/www.manifestacom.com\/es\/wp-json\/wp\/v2\/tags?post=1501"},{"taxonomy":"home_featured","embeddable":true,"href":"https:\/\/www.manifestacom.com\/es\/wp-json\/wp\/v2\/home_featured?post=1501"}],"curies":[{"name":"wp","href":"https:\/\/api.w.org\/{rel}","templated":true}]}}