{"id":1502,"date":"2012-11-28T19:45:51","date_gmt":"2012-11-28T19:45:51","guid":{"rendered":"http:\/\/www.manifestacom.com\/proactividad-urgente-contra-el-cambio-climatico\/"},"modified":"2017-05-05T10:34:27","modified_gmt":"2017-05-05T10:34:27","slug":"proactividad-urgente-contra-el-cambio-climatico","status":"publish","type":"post","link":"https:\/\/www.manifestacom.com\/es\/proactividad-urgente-contra-el-cambio-climatico\/","title":{"rendered":"Proactividad urgente contra el cambio clim\u00e1tico"},"content":{"rendered":"<p><a href=\"http:\/\/www.manifestacom.com\/2012\/11\/28\/proactivitat-urgent-contra-el-canvi-climatic\/canvi-climatic\/\" rel=\"attachment wp-att-1464\"><img loading=\"lazy\" decoding=\"async\" class=\"wp-image-1464 alignnone\" title=\"cambio clim\u00e1tico\" src=\"http:\/\/www.manifestacom.com\/wp-content\/uploads\/2012\/11\/canvi-clim\u00e0tic.jpg\" alt=\"Proactividad urgente contra el cambio clim\u00e1tico\" width=\"480\" height=\"342\" \/><\/a><\/p>\n<p><strong>M\u00e1s all\u00e1 de las consecuencias de las elecciones catalanas y de la crisis econ\u00f3mica en la que estamos inmersos, la agenda informativa internacional est\u00e1 marcada hasta el 7 de diciembre por la <a title=\"Conferencia sobre el cambio clim\u00e1tico\" href=\"http:\/\/unfccc.int\/portal_espanol\/items\/3093.php\" target=\"_blank\">conferencia sobre el cambio clim\u00e1tico organizada por la ONU en Doha<\/a> (Qatar).<\/strong><\/p>\n<p>El inicio de la cumbre ha estado precedido de numerosos estudios cient\u00edficos que apuntan que el cambio clim\u00e1tico se est\u00e1 acelerando debido al incremento de las emisiones de los gases de efecto invernadero. Estos informes hacen patentes ciertas cifras que tendr\u00edan que alertarnos a todos, a nivel individual y gubernamental: <a title=\"Organizaci\u00f3n Meteorol\u00f3gica Mundial\" href=\"http:\/\/www.wmo.int\/pages\/mediacentre\/press_releases\/pr_965_es.html\" target=\"_blank\">en 2011 se bati\u00f3 el r\u00e9cord mundial de emisiones de gases contaminantes <\/a>y los niveles de CO2 ya se han incrementado un 40% respecto a la era preindustrial, seg\u00fan la Organizaci\u00f3n Meteorol\u00f3gica Mundial; <a title=\"Banco Mundial\" href=\"http:\/\/web.worldbank.org\/WBSITE\/EXTERNAL\/BANCOMUNDIAL\/NEWSSPANISH\/0,,contentMDK:23313575~menuPK:51191012~pagePK:34370~piPK:34424~theSitePK:1074568,00.html\" target=\"_blank\">la temperatura global aumentar\u00e1 4\u00b0 grados cent\u00edgrados en el 2060<\/a> si no se toman medidas inmediatas, ha advertido al Banco Mundial; <a title=\"Agencia Europea de Medio Ambiente\" href=\"http:\/\/www.eea.europa.eu\/es\/pressroom\/newsreleases\/la-evidencia-de-cambio-climatico\" target=\"_blank\">la extensi\u00f3n m\u00ednima del oc\u00e9ano \u00c1rtico se ha reducido a la mitad con respecto a los a\u00f1os ochenta<\/a>, de acuerdo con la Agencia Europea de Medio Ambiente; el nivel del mar puede subir hasta cerca de un metro a finales de siglo, seg\u00fan las previsiones basadas en las medidas tomadas por los sat\u00e9lites.<\/p>\n<p>En este marco, sorprende la falta de actitut proactiva de buena parte de los 200 pa\u00edses que participan en la cumbre de Doha, en especial de los industrializados, que tienen el dif\u00edcil reto no s\u00f3lo de alcanzar un acuerdo para prorrogar el <a title=\"Protocolo de Kioto\" href=\"http:\/\/unfccc.int\/resource\/docs\/convkp\/kpspan.pdf\" target=\"_blank\">protocolo de Kioto<\/a> \u2014vigente hasta el pr\u00f3ximo diciembre y del que ya se han desdicho Rusia, Jap\u00f3n y Canad\u00e1\u2014 sino tambi\u00e9n, y sobre todo, negociar un tratado global nuevo, consensuado, ambicioso y vinculante para frenar las emisiones de todos los pa\u00edses que deber\u00eda entrar en vigor en el 2020.<\/p>\n<p>Es sintom\u00e1tico que el presidente de Estados Unidos, uno de los pa\u00edses que est\u00e1 fuera del protocolo desde su firma en 1997, hiciera referencia expl\u00edcita a la importancia de la lucha contra el cambio clim\u00e1tico en la <a title=\"Primera rueda de prensa de Barack Obama tras su reelecci\u00f3n\" href=\"http:\/\/www.youtube.com\/watch?v=xARnUsu3OoE&amp;feature=related\" target=\"_blank\">primera rueda de prensa tras su reelecci\u00f3n<\/a>. \u201cYo soy un firme creyendo que el cambio clim\u00e1tico es real, que se ve afectado por el comportamiento humano y las emisiones de carbono. Y como consecuencia, creo que tenemos una obligaci\u00f3n con las generaciones futuras para hacer algo al respecto\u201d pese a que implique \u201ctomar algunas decisiones pol\u00edticas dif\u00edciles\u201d, subray\u00f3 Barack Obama.<\/p>\n<p>Como contrapunto, destaca el poco inter\u00e9s que muestra el gobierno espa\u00f1ol en establecer una estrategia clara a favor del medio ambiente. Lejos de implementar medidas para frenar la emisi\u00f3n de gases contaminantes y favorecer la eficiencia energ\u00e9tica y el uso de energ\u00edas renovables tanto en el \u00e1mbito dom\u00e9stico como industrial, el ejecutivo de Rajoy est\u00e1 recortando las subvenciones, por ejemplo, para la investigaci\u00f3n y desarrollo de la e\u00f3lica o la fotovoltaica y est\u00e1 eliminando las ayudas a las renovables de la factura de la luz, hasta el extremo de que a partir de 2013 se eliminar\u00e1n los incentivos a las nuevas instalaciones.<\/p>\n<p>Hay que tener en cuenta que Espa\u00f1a depende en muy alto grado de la energ\u00eda proviniente del exterior, en concreto un 76% de los recursos energ\u00e9ticos que se usan en el pa\u00eds proceden del extranjero. A ello se suma la inestabilidad de los precios de los combustibles f\u00f3siles, la subida de los cuales, sobre todo del petr\u00f3leo y el gas, puede afectar seriamente a nuestra maltrecha econom\u00eda en la que, adem\u00e1s, se han destruido cerca de 70.000 puestos de trabajo del \u00e1mbito de las energ\u00edas renovables desde 2008.<\/p>\n<p>Tal como se\u00f1alan los expertos desde hace d\u00e9cadas, es imprescindible y urgente tomar en serio la lucha contra el cambio clim\u00e1tico y exigir que sea una de las prioridades de nuestros gobernantes. De nada servir\u00e1n los esfuerzos econ\u00f3micos que estamos haciendo ni la lucha por el derecho a decidir si no tenemos las condiciones b\u00e1sicas para nuestra supervivencia no ya como pa\u00eds sino como especie.<\/p>\n","protected":false},"excerpt":{"rendered":"<p>M\u00e1s all\u00e1 de las consecuencias de las elecciones catalanas y de la crisis econ\u00f3mica en la que estamos inmersos, la agenda informativa internacional est\u00e1 marcada hasta el 7 de diciembre por la conferencia sobre el cambio clim\u00e1tico organizada por la ONU en Doha (Qatar). El&#8230;<\/p>\n","protected":false},"author":1,"featured_media":1204,"comment_status":"open","ping_status":"open","sticky":false,"template":"","format":"standard","meta":{"footnotes":""},"categories":[421],"tags":[98,99,105],"home_featured":[],"class_list":["post-1502","post","type-post","status-publish","format-standard","has-post-thumbnail","hentry","category-el-post-es","tag-economia","tag-energia","tag-medi-ambient"],"acf":[],"_links":{"self":[{"href":"https:\/\/www.manifestacom.com\/es\/wp-json\/wp\/v2\/posts\/1502","targetHints":{"allow":["GET"]}}],"collection":[{"href":"https:\/\/www.manifestacom.com\/es\/wp-json\/wp\/v2\/posts"}],"about":[{"href":"https:\/\/www.manifestacom.com\/es\/wp-json\/wp\/v2\/types\/post"}],"author":[{"embeddable":true,"href":"https:\/\/www.manifestacom.com\/es\/wp-json\/wp\/v2\/users\/1"}],"replies":[{"embeddable":true,"href":"https:\/\/www.manifestacom.com\/es\/wp-json\/wp\/v2\/comments?post=1502"}],"version-history":[{"count":1,"href":"https:\/\/www.manifestacom.com\/es\/wp-json\/wp\/v2\/posts\/1502\/revisions"}],"predecessor-version":[{"id":1601,"href":"https:\/\/www.manifestacom.com\/es\/wp-json\/wp\/v2\/posts\/1502\/revisions\/1601"}],"wp:featuredmedia":[{"embeddable":true,"href":"https:\/\/www.manifestacom.com\/es\/wp-json\/wp\/v2\/media\/1204"}],"wp:attachment":[{"href":"https:\/\/www.manifestacom.com\/es\/wp-json\/wp\/v2\/media?parent=1502"}],"wp:term":[{"taxonomy":"category","embeddable":true,"href":"https:\/\/www.manifestacom.com\/es\/wp-json\/wp\/v2\/categories?post=1502"},{"taxonomy":"post_tag","embeddable":true,"href":"https:\/\/www.manifestacom.com\/es\/wp-json\/wp\/v2\/tags?post=1502"},{"taxonomy":"home_featured","embeddable":true,"href":"https:\/\/www.manifestacom.com\/es\/wp-json\/wp\/v2\/home_featured?post=1502"}],"curies":[{"name":"wp","href":"https:\/\/api.w.org\/{rel}","templated":true}]}}