{"id":1504,"date":"2016-05-13T12:00:34","date_gmt":"2016-05-13T12:00:34","guid":{"rendered":"http:\/\/www.manifestacom.com\/que-tiene-que-ver-la-contaminacion-con-el-tabaco\/"},"modified":"2017-05-09T15:23:36","modified_gmt":"2017-05-09T15:23:36","slug":"que-tiene-que-ver-la-contaminacion-con-el-tabaco","status":"publish","type":"post","link":"https:\/\/www.manifestacom.com\/es\/que-tiene-que-ver-la-contaminacion-con-el-tabaco\/","title":{"rendered":"\u00bfQu\u00e9 tiene que ver la contaminaci\u00f3n con el tabaco?"},"content":{"rendered":"<p>Publicaba<em> La Vanguardia<\/em> hace unos d\u00edas una interesante reflexi\u00f3n en forma de noticia en torno a la contaminaci\u00f3n atmosf\u00e9rica en las ciudades y los cambios en el consumo de tabaco. \u00bfY qu\u00e9 tienen que ver la una con la otra?<\/p>\n<p>La pieza ya llevaba un titular bien explicativo: <a href=\"http:\/\/www.lavanguardia.com\/economia\/management\/20160502\/401507243295\/contaminacion-emisiones-coche-privado-ley-antitabaco-tabaquismo-managemen.html\" target=\"_blank\">\u00bfSe puede copiar la estrategia antitabaco para concienciar de las emisiones del coche privado?<\/a><\/p>\n<p>Recordemos el escepticismo que flotaba en el ambiente despu\u00e9s de la primera ley antitabaco de 2006. \u00abDe ninguna manera la gente renunciar\u00e1 a fumar haci\u00e9ndose el caf\u00e9\u00bb, dec\u00edamos muchos. Y mirad hasta donde hemos llegado. De la misma manera hoy nos puede parecer inveros\u00edmil que los ciudadanos renuncien a disfrutar de su veh\u00edculo privado, o que lo compartan sistem\u00e1ticamente con otros por el bien de la eficiencia energ\u00e9tica, la salud p\u00fablica y la calidad de vida.<\/p>\n<p>El paralelismo, como bien apunta el art\u00edculo, es m\u00e1s que acertado. \u00abTenemos la contaminaci\u00f3n por una parte, las normas de la administraci\u00f3n\u2026 pero falta un tercer v\u00e9rtice para cerrar el tri\u00e1ngulo: los ciudadanos. \u00bfC\u00f3mo hacer para que acepten este tipo de restricciones? \u00bb, pregunta el art\u00edculo.<\/p>\n<p>Desde aqu\u00ed, contestamos: comunicaci\u00f3n. Comunicaci\u00f3n a diestro y siniestro, p\u00fablica y privada. La conciencia, al fin y al cabo, se trabaja con comunicaci\u00f3n.<\/p>\n","protected":false},"excerpt":{"rendered":"<p>Publicaba La Vanguardia hace unos d\u00edas una interesante reflexi\u00f3n en forma de noticia en torno a la contaminaci\u00f3n atmosf\u00e9rica en las ciudades y los cambios en el consumo de tabaco. \u00bfY qu\u00e9 tienen que ver la una con la otra? La pieza ya llevaba un&#8230;<\/p>\n","protected":false},"author":1,"featured_media":192,"comment_status":"open","ping_status":"open","sticky":false,"template":"","format":"standard","meta":{"footnotes":""},"categories":[422],"tags":[371,372,373,112,105],"home_featured":[],"class_list":["post-1504","post","type-post","status-publish","format-standard","has-post-thumbnail","hentry","category-la-noticia-y-el-comentario","tag-ciutats","tag-contaminacio","tag-salut-publica","tag-comunicacio-publica","tag-medi-ambient"],"acf":[],"_links":{"self":[{"href":"https:\/\/www.manifestacom.com\/es\/wp-json\/wp\/v2\/posts\/1504","targetHints":{"allow":["GET"]}}],"collection":[{"href":"https:\/\/www.manifestacom.com\/es\/wp-json\/wp\/v2\/posts"}],"about":[{"href":"https:\/\/www.manifestacom.com\/es\/wp-json\/wp\/v2\/types\/post"}],"author":[{"embeddable":true,"href":"https:\/\/www.manifestacom.com\/es\/wp-json\/wp\/v2\/users\/1"}],"replies":[{"embeddable":true,"href":"https:\/\/www.manifestacom.com\/es\/wp-json\/wp\/v2\/comments?post=1504"}],"version-history":[{"count":1,"href":"https:\/\/www.manifestacom.com\/es\/wp-json\/wp\/v2\/posts\/1504\/revisions"}],"predecessor-version":[{"id":1796,"href":"https:\/\/www.manifestacom.com\/es\/wp-json\/wp\/v2\/posts\/1504\/revisions\/1796"}],"wp:featuredmedia":[{"embeddable":true,"href":"https:\/\/www.manifestacom.com\/es\/wp-json\/wp\/v2\/media\/192"}],"wp:attachment":[{"href":"https:\/\/www.manifestacom.com\/es\/wp-json\/wp\/v2\/media?parent=1504"}],"wp:term":[{"taxonomy":"category","embeddable":true,"href":"https:\/\/www.manifestacom.com\/es\/wp-json\/wp\/v2\/categories?post=1504"},{"taxonomy":"post_tag","embeddable":true,"href":"https:\/\/www.manifestacom.com\/es\/wp-json\/wp\/v2\/tags?post=1504"},{"taxonomy":"home_featured","embeddable":true,"href":"https:\/\/www.manifestacom.com\/es\/wp-json\/wp\/v2\/home_featured?post=1504"}],"curies":[{"name":"wp","href":"https:\/\/api.w.org\/{rel}","templated":true}]}}