{"id":1505,"date":"2014-04-24T03:43:51","date_gmt":"2014-04-24T03:43:51","guid":{"rendered":"http:\/\/www.manifestacom.com\/que-tienen-en-comun-la-fnac-y-la-policia-de-nueva-york\/"},"modified":"2017-05-08T17:33:49","modified_gmt":"2017-05-08T17:33:49","slug":"que-tienen-en-comun-la-fnac-y-la-policia-de-nueva-york","status":"publish","type":"post","link":"https:\/\/www.manifestacom.com\/es\/que-tienen-en-comun-la-fnac-y-la-policia-de-nueva-york\/","title":{"rendered":"\u00bfQu\u00e9 tienen en com\u00fan la FNAC y la polic\u00eda de Nueva York?"},"content":{"rendered":"<p>Las estrellas se han alineado esta semana para ofrecernos dos ejemplos de crisis de comunicaci\u00f3n aparentemente dispares pero en el fondo muy parecidas. Por un lado, tenemos la <a href=\"http:\/\/www.elperiodico.cat\/ca\/noticias\/oci-i-cultura\/alguns-escriptors-rebutgen-firmar-llibres-fnac-per-vaga-plantilla-aquest-sant-jordi-3254670\" target=\"_blank\">imagen <\/a>de los stands de la FNAC vac\u00edos durante Sant Jordi, uno de los d\u00edas m\u00e1s importantes para la industria del libro. Y por otra tenemos la <a href=\"http:\/\/www.ara.cat\/mon\/violencia-policial-twitter-nova-york_0_1125487709.html\" target=\"_blank\">avalancha de im\u00e1genes<\/a> de violencia policial que ha invadido Twitter en respuesta al intento de campa\u00f1a de proximidad de la Polic\u00eda de Nueva York.<\/p>\n<div class=\"wp-caption aligncenter\" style=\"width: 500px;\"><a href=\"http:\/\/www.manifestacom.com\/wp-content\/uploads\/2014\/04\/EstandsFnac_elperiodicoTwitter.jpg\"><img loading=\"lazy\" decoding=\"async\" title=\"EstandsFnac_elperiodicoTwitter\" src=\"http:\/\/www.manifestacom.com\/wp-content\/uploads\/2014\/04\/EstandsFnac_elperiodicoTwitter.jpg\" alt=\"\" width=\"490\" height=\"326\" \/><\/a><\/p>\n<p class=\"wp-caption-text\">Imagen compartida por El Peri\u00f3dico en Twitter.<\/p>\n<\/div>\n<p>\u00bfQu\u00e9 tienen en com\u00fan dos noticias aparentemente tan diferentes? En ambos casos se intent\u00f3 ignorar un corriente de opini\u00f3n p\u00fablica, y en ambos casos las que ten\u00edan que ser campa\u00f1as de imagen positiva se convirtieron en verdaderos desastres corporativos.<\/p>\n<p>La FNAC El Triangle eligi\u00f3 exponerse en la calle como de costumbre por Sant Jordi, sin hacer referencia a la situaci\u00f3n de conflicto interno que vive la cadena francesa, donde algunos cambios en las condiciones laborales han generado incomodidad en parte de la plantilla. Hace unos d\u00edas, la difusi\u00f3n de <a href=\"http:\/\/www.elperiodico.com\/es\/noticias\/ocio-y-cultura\/huelga-fnac-sant-jordi-3256730\" target=\"_blank\">informaciones negativas <\/a>sobre la pol\u00edtica laboral de la empresa motiv\u00f3 <a href=\"http:\/\/www.media.cat\/2014\/04\/22\/els-treballadors-de-la-fnac-trenquen-el-silenci-mediatic-gracies-a-les-xarxes-socials\/\" target=\"_blank\">reacciones <\/a>en Twitter, donde miles de usuarios <a href=\"https:\/\/twitter.com\/search?q=#NoSignisAlFNAC&amp;src=hash\" target=\"_blank\">ped\u00edan <\/a>a los escritores que no acudieran a firmar durante la Diada y a los lectores que no <a href=\"https:\/\/twitter.com\/search?q=#NoComprisAlFNAC&amp;src=hash\" target=\"_blank\">compraran <\/a>libros en los establecimientos de la cadena. Resultado: a pesar de la <a href=\"http:\/\/blogs.elconfidencial.com\/sociedad\/espana-is-not-spain\/2014-04-23\/las-mentiras-de-cgt-en-la-huelga-de-la-fnac_120329\/\" target=\"_blank\">pol\u00e9mica <\/a>sobre la veracidad de la informaci\u00f3n difundida y el <a href=\"http:\/\/tiendas.fnac.es\/el-triangle\/nota-informativa-sant-jordi-2014\/\" target=\"_blank\">comunicado <\/a>de la FNAC, la sorprendente imagen de la hilera de stands vac\u00edos marc\u00f3 la fiesta de Sant Jordi de este a\u00f1o y quedar\u00e1 grabada en la memoria colectiva.<\/p>\n<p>Siguiendo una l\u00f3gica similar, la Polic\u00eda de Nueva York lanz\u00f3 una campa\u00f1a en Twitter en la que <a href=\"https:\/\/twitter.com\/NYPDnews\/status\/458665477409996800\" target=\"_blank\">ped\u00eda <\/a>a los ciudadanos que compartieran bajo la etiqueta <a href=\"https:\/\/twitter.com\/search?q=#myNYPD&amp;src=typd\" target=\"_blank\">#myNYPD<\/a> fotograf\u00edas donde se les viera junto a un agente. La intenci\u00f3n de la campa\u00f1a era proyectar una imagen de proximidad, amabilidad y servicio a la comunidad, pero obviaba el hecho de que existe un debate p\u00fablico sobre el uso de la fuerza que deben ejercer los cuerpos policiales de la ciudad. Resultado: aunque no hay manera de saber en qu\u00e9 contexto fueron tomadas, la red social se inund\u00f3 de <a href=\"https:\/\/twitter.com\/search?q=#myNYPD&amp;src=typd&amp;mode=photos\" target=\"_blank\">fotograf\u00edas <\/a>de ciudadanos junto a agentes\u2026 que aparecen arrogantes y con actitud innecesariamente violenta.<\/p>\n<p>Nota al pie: el proceso de decisi\u00f3n de los escritores que finalmente plantaron a la FNAC (y a sus editoriales) tambi\u00e9n ser\u00eda digno de comentar desde el punto de vista de la comunicaci\u00f3n. Pero eso ya es otra historia, quiz\u00e1s para otro art\u00edculo.<\/p>\n","protected":false},"excerpt":{"rendered":"<p>Las estrellas se han alineado esta semana para ofrecernos dos ejemplos de crisis de comunicaci\u00f3n aparentemente dispares pero en el fondo muy parecidas. Por un lado, tenemos la imagen de los stands de la FNAC vac\u00edos durante Sant Jordi, uno de los d\u00edas m\u00e1s importantes&#8230;<\/p>\n","protected":false},"author":1,"featured_media":1211,"comment_status":"open","ping_status":"open","sticky":false,"template":"","format":"standard","meta":{"footnotes":""},"categories":[421],"tags":[374,60,51],"home_featured":[],"class_list":["post-1505","post","type-post","status-publish","format-standard","has-post-thumbnail","hentry","category-el-post-es","tag-opinio-publica","tag-twitter","tag-comunicacio-de-crisi"],"acf":[],"_links":{"self":[{"href":"https:\/\/www.manifestacom.com\/es\/wp-json\/wp\/v2\/posts\/1505","targetHints":{"allow":["GET"]}}],"collection":[{"href":"https:\/\/www.manifestacom.com\/es\/wp-json\/wp\/v2\/posts"}],"about":[{"href":"https:\/\/www.manifestacom.com\/es\/wp-json\/wp\/v2\/types\/post"}],"author":[{"embeddable":true,"href":"https:\/\/www.manifestacom.com\/es\/wp-json\/wp\/v2\/users\/1"}],"replies":[{"embeddable":true,"href":"https:\/\/www.manifestacom.com\/es\/wp-json\/wp\/v2\/comments?post=1505"}],"version-history":[{"count":1,"href":"https:\/\/www.manifestacom.com\/es\/wp-json\/wp\/v2\/posts\/1505\/revisions"}],"predecessor-version":[{"id":1724,"href":"https:\/\/www.manifestacom.com\/es\/wp-json\/wp\/v2\/posts\/1505\/revisions\/1724"}],"wp:featuredmedia":[{"embeddable":true,"href":"https:\/\/www.manifestacom.com\/es\/wp-json\/wp\/v2\/media\/1211"}],"wp:attachment":[{"href":"https:\/\/www.manifestacom.com\/es\/wp-json\/wp\/v2\/media?parent=1505"}],"wp:term":[{"taxonomy":"category","embeddable":true,"href":"https:\/\/www.manifestacom.com\/es\/wp-json\/wp\/v2\/categories?post=1505"},{"taxonomy":"post_tag","embeddable":true,"href":"https:\/\/www.manifestacom.com\/es\/wp-json\/wp\/v2\/tags?post=1505"},{"taxonomy":"home_featured","embeddable":true,"href":"https:\/\/www.manifestacom.com\/es\/wp-json\/wp\/v2\/home_featured?post=1505"}],"curies":[{"name":"wp","href":"https:\/\/api.w.org\/{rel}","templated":true}]}}