{"id":1507,"date":"2014-09-16T16:55:02","date_gmt":"2014-09-16T16:55:02","guid":{"rendered":"http:\/\/www.manifestacom.com\/rajoy-los-nobots-de-twitter-y-la-madurez-digital\/"},"modified":"2017-05-09T08:10:59","modified_gmt":"2017-05-09T08:10:59","slug":"rajoy-los-nobots-de-twitter-y-la-madurez-digital","status":"publish","type":"post","link":"https:\/\/www.manifestacom.com\/es\/rajoy-los-nobots-de-twitter-y-la-madurez-digital\/","title":{"rendered":"Rajoy, los #nobots de Twitter y la madurez digital"},"content":{"rendered":"<p style=\"text-align: left;\"><a href=\"http:\/\/www.manifestacom.com\/wp-content\/uploads\/2014\/09\/TwitterRajoy.jpg\"><img loading=\"lazy\" decoding=\"async\" class=\"aligncenter\" title=\"TwitterRajoy\" src=\"http:\/\/www.manifestacom.com\/wp-content\/uploads\/2014\/09\/TwitterRajoy-580x366.jpg\" alt=\"\" width=\"439\" height=\"277\" \/><\/a>En Twitter el curso pol\u00edtico ha arrancado con una divertida pol\u00e9mica que volvi\u00f3 a calentar a los equipos de comunicaci\u00f3n pol\u00edtica: \u00bfhab\u00eda comprado Mariano Rajoy, Presidente del gobierno espa\u00f1ol, seguidores de Twitter? Las sospechas no eran infundadas: la <a href=\"https:\/\/twitter.com\/marianorajoy\">cuenta de Rajoy<\/a> <a href=\"http:\/\/www.ara.cat\/premium\/media\/compte-Twitter-Rajoy-suma-seguidors_0_1207079333.html\">gan\u00f3 <\/a>60.000 seguidores de golpe la semana pasada, y muchos de ellos hac\u00edan toda la pinta de ser falsos: nombres \u00e1rabes, un huevo como foto de perfil, n\u00fameros de seguidores y seguidos muy bajos \u2026<\/p>\n<p>Siguiendo la din\u00e1mica habitual, Twitter se encendi\u00f3 r\u00e1pidamente, con \u201cTwitter de Rajoy\u201d como trending topic y las bromas y teor\u00edas no se hicieron esperar. <a href=\"https:\/\/twitter.com\/Pablo_Iglesias_\">Pablo Iglesias<\/a>, el l\u00edder de Podemos, estaba a punto de superar al presidente en n\u00famero de seguidores en Twitter. \u00bfPodr\u00eda esto haber motivado el equipo de Rajoy a comprar seguidores?<\/p>\n<p>Comprar seguidores en Twitter es una pr\u00e1ctica bien com\u00fan entre personajes p\u00fablicos y empresas: es una manera sencilla y barata de engordar el numerito que indica la influencia en la red, el primero y principal mensaje en Twitter. Sin embargo, ya hace un tiempo que comprar seguidores se considera una mala pr\u00e1ctica en comunicaci\u00f3n digital, no s\u00f3lo por la falta evidente de honestidad, sino tambi\u00e9n porque es una trampa demasiado f\u00e1cil de descubrir y denunciar, con la consecuente p\u00e9rdida de prestigio y reputaci\u00f3n. \u00bfDe verdad ten\u00eda Rajoy un equipo tan torpe?<\/p>\n<p>Los gestores negaron inmediatamente haber comprado seguidores, calificaron los hechos de \u201cextra\u00f1a campa\u00f1a\u201d y convirtieron la etiqueta <a href=\"https:\/\/twitter.com\/search?q=#nobots&amp;src=typd\">#nobots<\/a>, que hace referencia a los bots, los programas que crean perfiles falsos, en trending topic.<\/p>\n<p>Comprar seguidores es f\u00e1cil y barato, puede hacerlo cualquiera y para cualquier cuenta. Esto significa b\u00e1sicamente que comprar seguidores para la competencia o rival pol\u00edtico y luego denunciarlo es tan f\u00e1cil y barato como hacerlo para una cuenta propia. Incluso podr\u00eda haber sido cosa de militantes o simpatizantes del Partido Popular. En todo caso, Rajoy y su equipo de comunicaci\u00f3n podr\u00edan perfectamente no tener nada que ver.<\/p>\n<p>A estas alturas, se ha hecho limpieza de followers en la cuenta de Rajoy y <a href=\"https:\/\/twitter.com\/Pablo_Iglesias_\">Pablo Iglesias<\/a> ya es l\u00edder Twitter, con todo lo que ello quiere y no quiere decir. Un par de d\u00edas m\u00e1s tarde, otros pol\u00edticos como el presidente valenciano <a href=\"http:\/\/www.ara.cat\/paisvalencia\/Detecten-del-Twitter-Alberto-Fabra_0_1208279352.html\">Alberto Fabra<\/a>, tambi\u00e9n del PP, o <a href=\"https:\/\/twitter.com\/sanchezcastejon\/status\/508183470229958658\">Pedro S\u00e1nchez<\/a>, l\u00edder del PSOE, detectaron y denunciaron anomal\u00edas similares en sus cuentas de Twitter. Madurez digital, se llama. Estamos en camino.<\/p>\n","protected":false},"excerpt":{"rendered":"<p>En Twitter el curso pol\u00edtico ha arrancado con una divertida pol\u00e9mica que volvi\u00f3 a calentar a los equipos de comunicaci\u00f3n pol\u00edtica: \u00bfhab\u00eda comprado Mariano Rajoy, Presidente del gobierno espa\u00f1ol, seguidores de Twitter? Las sospechas no eran infundadas: la cuenta de Rajoy gan\u00f3 60.000 seguidores de&#8230;<\/p>\n","protected":false},"author":1,"featured_media":1217,"comment_status":"open","ping_status":"open","sticky":false,"template":"","format":"standard","meta":{"footnotes":""},"categories":[421],"tags":[379,60,52,49,57],"home_featured":[],"class_list":["post-1507","post","type-post","status-publish","format-standard","has-post-thumbnail","hentry","category-el-post-es","tag-nobots","tag-twitter","tag-comunicacio-politica","tag-xarxes-socials","tag-comunicacio-digital"],"acf":[],"_links":{"self":[{"href":"https:\/\/www.manifestacom.com\/es\/wp-json\/wp\/v2\/posts\/1507","targetHints":{"allow":["GET"]}}],"collection":[{"href":"https:\/\/www.manifestacom.com\/es\/wp-json\/wp\/v2\/posts"}],"about":[{"href":"https:\/\/www.manifestacom.com\/es\/wp-json\/wp\/v2\/types\/post"}],"author":[{"embeddable":true,"href":"https:\/\/www.manifestacom.com\/es\/wp-json\/wp\/v2\/users\/1"}],"replies":[{"embeddable":true,"href":"https:\/\/www.manifestacom.com\/es\/wp-json\/wp\/v2\/comments?post=1507"}],"version-history":[{"count":1,"href":"https:\/\/www.manifestacom.com\/es\/wp-json\/wp\/v2\/posts\/1507\/revisions"}],"predecessor-version":[{"id":1758,"href":"https:\/\/www.manifestacom.com\/es\/wp-json\/wp\/v2\/posts\/1507\/revisions\/1758"}],"wp:featuredmedia":[{"embeddable":true,"href":"https:\/\/www.manifestacom.com\/es\/wp-json\/wp\/v2\/media\/1217"}],"wp:attachment":[{"href":"https:\/\/www.manifestacom.com\/es\/wp-json\/wp\/v2\/media?parent=1507"}],"wp:term":[{"taxonomy":"category","embeddable":true,"href":"https:\/\/www.manifestacom.com\/es\/wp-json\/wp\/v2\/categories?post=1507"},{"taxonomy":"post_tag","embeddable":true,"href":"https:\/\/www.manifestacom.com\/es\/wp-json\/wp\/v2\/tags?post=1507"},{"taxonomy":"home_featured","embeddable":true,"href":"https:\/\/www.manifestacom.com\/es\/wp-json\/wp\/v2\/home_featured?post=1507"}],"curies":[{"name":"wp","href":"https:\/\/api.w.org\/{rel}","templated":true}]}}