{"id":1508,"date":"2012-01-31T04:27:12","date_gmt":"2012-01-31T04:27:12","guid":{"rendered":"http:\/\/www.manifestacom.com\/recopilatorio-mensual-de-casos-de-reputacion\/"},"modified":"2017-05-05T08:49:26","modified_gmt":"2017-05-05T08:49:26","slug":"recopilatorio-mensual-de-casos-de-reputacion","status":"publish","type":"post","link":"https:\/\/www.manifestacom.com\/es\/recopilatorio-mensual-de-casos-de-reputacion\/","title":{"rendered":"Recopilatorio mensual de casos de reputaci\u00f3n"},"content":{"rendered":"<p style=\"text-align: justify;\"><strong>McDonalds hace campa\u00f1a en Twitter:<\/strong> Crean hashtag #MeetTheFarmers para hablar sobre la calidad de sus ingredientes, ven que no funciona y cambian el tag a <a title=\"mcstories\" href=\"https:\/\/twitter.com\/#!\/search\/%23McDStories\" target=\"_blank\">#McDStories<\/a> pidiendo experiencias con la marca, pero los usuarios lo hacen evolucionar a #McFail, donde se explican malas experiencias y se critica a la multinacional. La empresa retira la campa\u00f1a a las pocas horas de lanzarla pero la llama ya arde.<br \/>\nFuente:\u00a0<a title=\"lainformaci\u00f3n\" href=\"http:\/\/noticias.lainformacion.com\/economia-negocios-y-finanzas\/mcdonald-s-se-dispara-un-tiro-en-el-pie-con-su-ultima-campana-viral-en-twitter_6nNO6q7o6Eg150h2Ke1ew5\/\" target=\"_blank\">La Informaci\u00f3n<\/a>,\u00a0<a title=\"elpa\u00eds_mcdonalds\" href=\"http:\/\/www.elpais.com\/articulo\/economia\/efecto\/boomerang\/campana\/publicitaria\/McDonald\/s\/Twitter\/elpepueco\/20120125elpepueco_8\/Tes\" target=\"_blank\">El Pa\u00eds<\/a>\u00a0i\u00a0<a title=\"usatoday\" href=\"http:\/\/www.usatoday.com\/money\/industries\/food\/story\/2012-01-28\/cnbc-mcdonalds-twitter-backfire\/52824472\/1\" target=\"_blank\">USA Today<\/a><\/p>\n<p style=\"text-align: justify;\"><strong>Acusaciones contra Zara de explotaci\u00f3n a parte de sus trabajadores en Marruecos<\/strong>: Seg\u00fan un <a title=\"informeSETEM\" href=\"http:\/\/www.ropalimpia.org\/documentos\/publicaciones\/Moda-espanola-en-Tanger.pdf\" target=\"_blank\">informe<\/a> de SETEM y con el apoyo de la <a title=\"aecid\" href=\"http:\/\/www.aecid.es\/es\/\" target=\"_blank\">AECID<\/a>, la empresa textil obliga a soportar una carga m\u00e1s amplia de horas a sus trabajadores. En diciembre de 2011 apareci\u00f3 <a href=\"http:\/\/www.dirigentesdigital.com\/articulo\/empresas\/201924\/zara\/brasil\/explotacion.html\" target=\"_blank\">otro caso similar<\/a> donde se denunciaba la marca para ejercer la esclavitud industrial en 33 talleres ilegales de Brasil donde se confeccionaba ropa. La reacci\u00f3n de las empresas espa\u00f1olas es a\u00fan insuficiente. Hay que profundizar en el proceso de auditor\u00eda de proveedores y de comunicaci\u00f3n posterior.<br \/>\nFuente:\u00a0<a title=\"yahoo_zara\" href=\"http:\/\/es.finance.yahoo.com\/blogs\/finyahoofinanzases\/zara-explota-trabajadores-marruecos-seg-n-informe-193430966.html\" target=\"_blank\">Yahoo Finanzas<\/a><\/p>\n<p style=\"text-align: justify;\"><strong>Cr\u00edticas a Apple por pr\u00e1cticas laborales ilegales en Asia:<\/strong> 16 horas por d\u00eda, 5% de trabajadores menores de edad, trabajadores viviendo en malas condiciones. La reacci\u00f3n de la empresa ofreciendo informaci\u00f3n sobre el seguimiento a los proveedores es clave para proteger su reputaci\u00f3n.<br \/>\nFuente:\u00a0<a title=\"elmundo_apple_reputacion\" href=\"http:\/\/www.elmundo.es\/elmundo\/2012\/01\/16\/navegante\/1326713278.html\" target=\"_blank\">El Mundo<\/a><\/p>\n<p style=\"text-align: justify;\"><strong>Reacci\u00f3n contra los nuevos spots de Central Lechera Asturiana:<\/strong> La emisi\u00f3n de un nuevo spot, provoca una ola de comentarios negativos en redes sociales. En la p\u00e1gina <a title=\"central_lechera_facebook\" href=\"http:\/\/www.facebook.com\/CentralLecheraAsturiana\" target=\"_blank\">Facebook<\/a> de la empresa da una respuesta insuficiente y los usuarios crean un\u00a0<a title=\"grupo_retirada_spot\" href=\"http:\/\/www.facebook.com\/groups\/363454110347090\/\" target=\"_blank\">grupo en Facebook<\/a>\u00a0\u00a0para pedir la retirada del spot (2.000 personas) y en <a title=\"Twitter_central_lechera\" href=\"https:\/\/twitter.com\/LecheAsturiana\" target=\"_blank\">Twitter corporatiu<\/a>\u00a0se opta por el silencio total durante 7 d\u00edas. El Dir. Gral. dice que\u00a0<a title=\"spot_central_lechera\" href=\"http:\/\/www.ivoox.com\/central-lechera-asturiana-desde-asturias-asturias-audios-mp3_rf_1012275_1.html\" target=\"_blank\">modificar\u00e1 el spot<\/a>\u00a0pero finalmente se retira. La duda est\u00e1 en si era necesario retirar el spot o favorecer el debate.<br \/>\nFuente:\u00a0<a title=\"oscar_del_santo\" href=\"http:\/\/www.oscardelsanto.com\/central-lechera-asturiana-porque-no-siempre-llueve-en-asturias\/\" target=\"_blank\">\u00d3scar del Santo<\/a><\/p>\n<p style=\"text-align: justify;\"><strong>Mourinho ensucia la reputaci\u00f3n del Real Madrid una vez m\u00e1s:<\/strong>\u00a0Prensa nacional e internacional fomenta la opini\u00f3n de que la actitud del entrenador portugu\u00e9s y algunos jugadores perjudica la imagen del Club. La marca personal por encima de la marca y la reputaci\u00f3n corporativa. Habr\u00e1 que analizar, en el futuro, los efectos en una marca tanto s\u00f3lida como Real Madrid.<br \/>\nFuente:\u00a0<a title=\"theguardian\" href=\"http:\/\/www.guardian.co.uk\/football\/blog\/2012\/jan\/19\/real-madrid-regression-barcelona-clasico?fb=native&amp;CMP=FBCNETTXT9038\" target=\"_blank\">The Guardian<\/a>,\u00a0<a title=\"espn_mourinho\" href=\"http:\/\/espn.go.com\/sports\/soccer\/blog\/_\/name\/martin_james\/id\/7498477\" target=\"_blank\">ESPN<\/a>\u00a0i\u00a0<a title=\"el_pa\u00eds_mourinho\" href=\"http:\/\/www.elpais.com\/articulo\/Revista\/sabado\/Jose\/Mourinho\/entrenador\/hooligan\/elpepirsa\/20120128elpepirsa_1\/Tes\" target=\"_blank\">El Pa\u00eds<\/a><\/p>\n<p style=\"text-align: justify;\">Y para terminar un\u00a0<a title=\"informe_microsoft_reputacion\" href=\"http:\/\/www.microsoft.com\/privacy\/dpd\/default.aspx\" target=\"_blank\">informe de Microsoft<\/a> donde indica que los usuarios espa\u00f1oles son los m\u00e1s senzibilitzados respecto a la reputaci\u00f3n online.<br \/>\nFuente:\u00a0<a title=\"elmundo_reputacion\" href=\"http:\/\/www.elmundo.es\/elmundo\/2012\/01\/24\/navegante\/1327430289.html\" target=\"_blank\">El Mundo<\/a><\/p>\n","protected":false},"excerpt":{"rendered":"<p>McDonalds hace campa\u00f1a en Twitter: Crean hashtag #MeetTheFarmers para hablar sobre la calidad de sus ingredientes, ven que no funciona y cambian el tag a #McDStories pidiendo experiencias con la marca, pero los usuarios lo hacen evolucionar a #McFail, donde se explican malas experiencias y&#8230;<\/p>\n","protected":false},"author":1,"featured_media":1220,"comment_status":"open","ping_status":"open","sticky":false,"template":"","format":"standard","meta":{"footnotes":""},"categories":[421],"tags":[380,163],"home_featured":[],"class_list":["post-1508","post","type-post","status-publish","format-standard","has-post-thumbnail","hentry","category-el-post-es","tag-recopilatori","tag-reputacio"],"acf":[],"_links":{"self":[{"href":"https:\/\/www.manifestacom.com\/es\/wp-json\/wp\/v2\/posts\/1508","targetHints":{"allow":["GET"]}}],"collection":[{"href":"https:\/\/www.manifestacom.com\/es\/wp-json\/wp\/v2\/posts"}],"about":[{"href":"https:\/\/www.manifestacom.com\/es\/wp-json\/wp\/v2\/types\/post"}],"author":[{"embeddable":true,"href":"https:\/\/www.manifestacom.com\/es\/wp-json\/wp\/v2\/users\/1"}],"replies":[{"embeddable":true,"href":"https:\/\/www.manifestacom.com\/es\/wp-json\/wp\/v2\/comments?post=1508"}],"version-history":[{"count":1,"href":"https:\/\/www.manifestacom.com\/es\/wp-json\/wp\/v2\/posts\/1508\/revisions"}],"predecessor-version":[{"id":1579,"href":"https:\/\/www.manifestacom.com\/es\/wp-json\/wp\/v2\/posts\/1508\/revisions\/1579"}],"wp:featuredmedia":[{"embeddable":true,"href":"https:\/\/www.manifestacom.com\/es\/wp-json\/wp\/v2\/media\/1220"}],"wp:attachment":[{"href":"https:\/\/www.manifestacom.com\/es\/wp-json\/wp\/v2\/media?parent=1508"}],"wp:term":[{"taxonomy":"category","embeddable":true,"href":"https:\/\/www.manifestacom.com\/es\/wp-json\/wp\/v2\/categories?post=1508"},{"taxonomy":"post_tag","embeddable":true,"href":"https:\/\/www.manifestacom.com\/es\/wp-json\/wp\/v2\/tags?post=1508"},{"taxonomy":"home_featured","embeddable":true,"href":"https:\/\/www.manifestacom.com\/es\/wp-json\/wp\/v2\/home_featured?post=1508"}],"curies":[{"name":"wp","href":"https:\/\/api.w.org\/{rel}","templated":true}]}}