{"id":1509,"date":"2012-04-27T10:40:51","date_gmt":"2012-04-27T10:40:51","guid":{"rendered":"http:\/\/www.manifestacom.com\/renovables-por-tierra-mar-y-aire\/"},"modified":"2017-05-08T18:37:41","modified_gmt":"2017-05-08T18:37:41","slug":"renovables-por-tierra-mar-y-aire","status":"publish","type":"post","link":"https:\/\/www.manifestacom.com\/es\/renovables-por-tierra-mar-y-aire\/","title":{"rendered":"Renovables por tierra, mar y aire"},"content":{"rendered":"<p>El Gobierno de la Generalitat ha aprobado el <a href=\"http:\/\/www.lavanguardia.com\/medio-ambiente\/20120424\/54285798587\/govern-multiplicar-energia-eolica-fotovoltaica.html\" target=\"_blank\">Plan de Energ\u00eda y Cambio Clim\u00e1tico 2012-2020<\/a>, que ha de ser la base para las pol\u00edticas energ\u00e9ticas y de mitigaci\u00f3n del cambio clim\u00e1tico en Catalu\u00f1a. El documento establece las l\u00edneas de trabajo para llegar al objetivo 20-20-20 determinado por la Uni\u00f3n Europea, esto es, reducir el consumo de energ\u00eda un 20,2%, aumentar al 20,1% el peso de las renovables y reducir un 25,3% las emisiones de CO\u00b2.<\/p>\n<p>Las pol\u00edticas energ\u00e9ticas y clim\u00e1ticas incluidas en el Plan tienen como eje principal el ahorro y la eficiencia energ\u00e9tica. Es por ello que se contemplan diversas medidas para conseguir un menor consumo y un mejor aprovechamiento de la energ\u00eda que se consume. En el caso de la construcci\u00f3n, por ejemplo, se calcula que el grueso de las obras ser\u00e1n tareas de rehabilitaci\u00f3n con reformas de mejora energ\u00e9tica. Tambi\u00e9n se dar\u00e1 apoyo al autoconsumo de electricidad, mediante el excedente de la red, y se asume el compromiso de que el 10% de los carburantes sean biocombustibles.<\/p>\n<p>El Gobierno apuesta tambi\u00e9n por aprovechar los recursos aut\u00f3ctonos \u2013sol, viento y biomasa forestal\u2013 para producir electricidad y sistemas de calefacci\u00f3n y, a la par, reducir las importaciones de combustibles f\u00f3siles, hecho que supondr\u00e1 un impacto positivo para la balanza comercial. Adem\u00e1s, el Plan pretende multiplicar por cinco la potencia e\u00f3lica y la fotovoltaica en ocho a\u00f1os.<\/p>\n<p>La aprobaci\u00f3n de este Plan es una cuesti\u00f3n clave no s\u00f3lo en la lucha contra los efectos del cambio clim\u00e1tico, sino tambi\u00e9n para la competitividad de la econom\u00eda catalana, y m\u00e1s teniendo en cuenta la previsi\u00f3n de que los precios de la energ\u00eda se encarezcan. Seg\u00fan los datos barajados por la Generalitat, el cumplimiento de este plan supondr\u00eda unas inversiones por valor de 24.600 millones de euros y la creaci\u00f3n de 70.000 puestos de trabajo.<\/p>\n<p>El Gobierno tambi\u00e9n ha anunciado su intenci\u00f3n de revertir la oposici\u00f3n local de ciertas plataformas ciudadanas que bloquean algunos de estos proyectos. Si esto se hace a trav\u00e9s del di\u00e1logo y la b\u00fasqueda de soluciones que integre los intereses de las zonas afectadas, bien. Si se pretende hacer sin evaluar con profundidad y con visi\u00f3n de futuro el impacto paisaj\u00edstico y medioambiental del territorio o a trav\u00e9s de la imposici\u00f3n, mal. Ya se han hecho suficientes disparates, tanto en el litoral como en zonas del interior y alta monta\u00f1a, en este sentido en Catalu\u00f1a. La protecci\u00f3n de las zonas de alto valor paisaj\u00edstico y ecol\u00f3gico no ha de someterse a los intereses econ\u00f3micos del pa\u00eds. Ni en tiempos de crisis. Es lo m\u00ednimo que podemos hacer por las futuras generaciones.<\/p>\n","protected":false},"excerpt":{"rendered":"<p>El Gobierno de la Generalitat ha aprobado el Plan de Energ\u00eda y Cambio Clim\u00e1tico 2012-2020, que ha de ser la base para las pol\u00edticas energ\u00e9ticas y de mitigaci\u00f3n del cambio clim\u00e1tico en Catalu\u00f1a. El documento establece las l\u00edneas de trabajo para llegar al objetivo 20-20-20&#8230;<\/p>\n","protected":false},"author":1,"featured_media":1223,"comment_status":"open","ping_status":"open","sticky":false,"template":"","format":"standard","meta":{"footnotes":""},"categories":[422],"tags":[99,105,106],"home_featured":[],"class_list":["post-1509","post","type-post","status-publish","format-standard","has-post-thumbnail","hentry","category-la-noticia-y-el-comentario","tag-energia","tag-medi-ambient","tag-sostenibilitat"],"acf":[],"_links":{"self":[{"href":"https:\/\/www.manifestacom.com\/es\/wp-json\/wp\/v2\/posts\/1509","targetHints":{"allow":["GET"]}}],"collection":[{"href":"https:\/\/www.manifestacom.com\/es\/wp-json\/wp\/v2\/posts"}],"about":[{"href":"https:\/\/www.manifestacom.com\/es\/wp-json\/wp\/v2\/types\/post"}],"author":[{"embeddable":true,"href":"https:\/\/www.manifestacom.com\/es\/wp-json\/wp\/v2\/users\/1"}],"replies":[{"embeddable":true,"href":"https:\/\/www.manifestacom.com\/es\/wp-json\/wp\/v2\/comments?post=1509"}],"version-history":[{"count":1,"href":"https:\/\/www.manifestacom.com\/es\/wp-json\/wp\/v2\/posts\/1509\/revisions"}],"predecessor-version":[{"id":1730,"href":"https:\/\/www.manifestacom.com\/es\/wp-json\/wp\/v2\/posts\/1509\/revisions\/1730"}],"wp:featuredmedia":[{"embeddable":true,"href":"https:\/\/www.manifestacom.com\/es\/wp-json\/wp\/v2\/media\/1223"}],"wp:attachment":[{"href":"https:\/\/www.manifestacom.com\/es\/wp-json\/wp\/v2\/media?parent=1509"}],"wp:term":[{"taxonomy":"category","embeddable":true,"href":"https:\/\/www.manifestacom.com\/es\/wp-json\/wp\/v2\/categories?post=1509"},{"taxonomy":"post_tag","embeddable":true,"href":"https:\/\/www.manifestacom.com\/es\/wp-json\/wp\/v2\/tags?post=1509"},{"taxonomy":"home_featured","embeddable":true,"href":"https:\/\/www.manifestacom.com\/es\/wp-json\/wp\/v2\/home_featured?post=1509"}],"curies":[{"name":"wp","href":"https:\/\/api.w.org\/{rel}","templated":true}]}}