{"id":1510,"date":"2013-05-27T23:10:14","date_gmt":"2013-05-27T23:10:14","guid":{"rendered":"http:\/\/www.manifestacom.com\/respeto-entre-competidores\/"},"modified":"2017-05-11T08:42:47","modified_gmt":"2017-05-11T08:42:47","slug":"respeto-entre-competidores","status":"publish","type":"post","link":"https:\/\/www.manifestacom.com\/es\/respeto-entre-competidores\/","title":{"rendered":"Respeto entre competidores"},"content":{"rendered":"<p><a href=\"http:\/\/www.manifestacom.com\/2013\/05\/27\/respecte-entre-competidors\/respecte1\/\" rel=\"attachment wp-att-1840\"><img loading=\"lazy\" decoding=\"async\" class=\"alignnone size-medium wp-image-1840\" title=\"respecte1\" src=\"http:\/\/www.manifestacom.com\/wp-content\/uploads\/2013\/05\/respecte11-580x236.jpg\" alt=\"\" width=\"580\" height=\"236\" \/><\/a><\/p>\n<p>\u00daltimamente hemos asistido a dos muestras de la elegancia y el respeto entre empresas rivales en dos sectores, el turismo y la industria del autom\u00f3vil, altamente competitivos pese a encontrarse en situaciones bien distintas. Mientras el turismo es uno de los motores actuales de la econom\u00eda, sobre todo en Espa\u00f1a, el autom\u00f3vil pelea por activar un consumo muy tocado por la crisis.<\/p>\n<p>Por un lado, el consejero delegado del gigante europeo de la turoperaci\u00f3 TUI Travel, Peter Long, est\u00e1 convencido de que el hecho de tener un competidor estable como Thomas Cook, el otro gran turoperador del continente, es positivo para toda la industria de viajes. As\u00ed se expresaba, <a title=\"Preferente\" href=\"http:\/\/www.preferente.com\/noticias-de-agencias-de-viajes\/peter-long-tui-me-quito-el-sombrero-ante-lo-que-ha-logrado-thomas-cook-239210.html\" target=\"_blank\">entrevistado por el digital brit\u00e1nico TTG<\/a>, despu\u00e9s de que Thomas Cook firmase un nuevo acuerdo de refinanciaci\u00f3n: \u201cTienen una gran ambici\u00f3n y realmente me tengo que quitar el sombrero ante lo que ha conseguido Cook para refinanciar su negocio\u201d.<\/p>\n<p>Long elogiaba los esfuerzos que el equipo gestor de su rival est\u00e1 haciendo para rehabilitar el negocio: \u201cLo han llevado desde una posici\u00f3n terrible hasta una muy fuerte y sana desde la que construir. Eso es bueno para la industria. No queremos a cualquier revolc\u00e1ndose en el sector porque eso es perjudicial\u201d.<\/p>\n<p>En la misma l\u00ednea se ha expresado el presidente de Audi, Rupert Stadler, en <a title=\"Expansi\u00f3n\" href=\"http:\/\/www.expansion.com\/\" target=\"_blank\">Expansi\u00f3n<\/a>: \u201cLa competencia con BMW y Mercedes nos hace m\u00e1s fuertes. Si vemos donde est\u00e1 Mercedes, creo que tenemos un problema de lujo, pero esta empresa debe resolver muchas cosas. Nuestra rival BMW tambi\u00e9n est\u00e1 muy bien encaminada. La l\u00f3gica competencia que tenemos entre nosotros nos hace ser m\u00e1s fuertes a todos\u201d.<\/p>\n<p>Ambos ejecutivos dejan claro, pues, que el respeto entre rivales es esencial por el crecimiento no s\u00f3lo de sus empresas sino tambi\u00e9n de los sectores en los que desarrollan su actividad. Demuestran as\u00ed que, m\u00e1s all\u00e1 de la dura competici\u00f3n industrial y de los frecuentes ara\u00f1azos para conseguir los mejores resultados, los grandes actores econ\u00f3micos son conscientes de la posici\u00f3n de responsabilidad que ocupan en la reactivaci\u00f3n de la econom\u00eda.<\/p>\n","protected":false},"excerpt":{"rendered":"<p>\u00daltimamente hemos asistido a dos muestras de la elegancia y el respeto entre empresas rivales en dos sectores, el turismo y la industria del autom\u00f3vil, altamente competitivos pese a encontrarse en situaciones bien distintas. Mientras el turismo es uno de los motores actuales de la&#8230;<\/p>\n","protected":false},"author":1,"featured_media":1226,"comment_status":"open","ping_status":"open","sticky":false,"template":"","format":"standard","meta":{"footnotes":""},"categories":[422],"tags":[],"home_featured":[],"class_list":["post-1510","post","type-post","status-publish","format-standard","has-post-thumbnail","hentry","category-la-noticia-y-el-comentario"],"acf":[],"_links":{"self":[{"href":"https:\/\/www.manifestacom.com\/es\/wp-json\/wp\/v2\/posts\/1510","targetHints":{"allow":["GET"]}}],"collection":[{"href":"https:\/\/www.manifestacom.com\/es\/wp-json\/wp\/v2\/posts"}],"about":[{"href":"https:\/\/www.manifestacom.com\/es\/wp-json\/wp\/v2\/types\/post"}],"author":[{"embeddable":true,"href":"https:\/\/www.manifestacom.com\/es\/wp-json\/wp\/v2\/users\/1"}],"replies":[{"embeddable":true,"href":"https:\/\/www.manifestacom.com\/es\/wp-json\/wp\/v2\/comments?post=1510"}],"version-history":[{"count":2,"href":"https:\/\/www.manifestacom.com\/es\/wp-json\/wp\/v2\/posts\/1510\/revisions"}],"predecessor-version":[{"id":1844,"href":"https:\/\/www.manifestacom.com\/es\/wp-json\/wp\/v2\/posts\/1510\/revisions\/1844"}],"wp:featuredmedia":[{"embeddable":true,"href":"https:\/\/www.manifestacom.com\/es\/wp-json\/wp\/v2\/media\/1226"}],"wp:attachment":[{"href":"https:\/\/www.manifestacom.com\/es\/wp-json\/wp\/v2\/media?parent=1510"}],"wp:term":[{"taxonomy":"category","embeddable":true,"href":"https:\/\/www.manifestacom.com\/es\/wp-json\/wp\/v2\/categories?post=1510"},{"taxonomy":"post_tag","embeddable":true,"href":"https:\/\/www.manifestacom.com\/es\/wp-json\/wp\/v2\/tags?post=1510"},{"taxonomy":"home_featured","embeddable":true,"href":"https:\/\/www.manifestacom.com\/es\/wp-json\/wp\/v2\/home_featured?post=1510"}],"curies":[{"name":"wp","href":"https:\/\/api.w.org\/{rel}","templated":true}]}}