{"id":1514,"date":"2011-11-29T15:29:39","date_gmt":"2011-11-29T15:29:39","guid":{"rendered":"http:\/\/www.manifestacom.com\/smart-city-expo-en-barcelona-la-cita-donde-debatir-ciudades-inteligentes\/"},"modified":"2017-05-18T16:58:11","modified_gmt":"2017-05-18T16:58:11","slug":"smart-city-expo-en-barcelona-la-cita-donde-debatir-ciudades-inteligentes","status":"publish","type":"post","link":"https:\/\/www.manifestacom.com\/es\/smart-city-expo-en-barcelona-la-cita-donde-debatir-ciudades-inteligentes\/","title":{"rendered":"Smart City Expo en Barcelona, la cita donde debatir ciudades inteligentes"},"content":{"rendered":"<p>La ciudad de Barcelona acoge desde hoy martes y hasta el pr\u00f3ximo 2 de diciembre la feria <a title=\"La Feria Smart City exhibe ciudades ecoeficientes\" href=\"http:\/\/www.lavanguardia.com\/barcelona-metropolis\/20111129\/54239495847\/feria-smart-city-exhibe-ciudades-ecoeficientes.html\" target=\"_blank\">Smart City Expo &amp; World Congress<\/a>, el nuevo sal\u00f3n de Fira de Barcelona destinado a pensar el desarrollo y funcionamiento de las <em>smart cities<\/em>.<\/p>\n<p>La primera edici\u00f3n de Smart City Expo &amp; World Congress ser\u00e1 punto de encuentro de expertos, profesionales de diferentes \u00e1mbitos y empresas y administraciones p\u00fablicas que trabajan en la transformaci\u00f3n de las urbes actuales para convertirlas en ciudades inteligentes mediante sistemas innovadores de gesti\u00f3n de los servicios, tecnolog\u00eda aplicada y un desarrollo econ\u00f3mico y urbano sostenible que ofrezca una buena calidad de vida a los ciudadanos.<\/p>\n<p>Nos parece una iniciativa magn\u00edfica. \u00c9ste es el tipo de encuentros y ferias que necesita una ciudad din\u00e1mica y emprendedora como Barcelona. Una feria que apunta a la innovaci\u00f3n, las nuevas tecnolog\u00edas, la capacidad de generaci\u00f3n de nuevos negocios, la sostenibilidad, etc. Esperemos que tenga \u00e9xito y continuidad.<\/p>\n","protected":false},"excerpt":{"rendered":"<p>La ciudad de Barcelona acoge desde hoy martes y hasta el pr\u00f3ximo 2 de diciembre la feria Smart City Expo &amp; World Congress, el nuevo sal\u00f3n de Fira de Barcelona destinado a pensar el desarrollo y funcionamiento de las smart cities. La primera edici\u00f3n de&#8230;<\/p>\n","protected":false},"author":1,"featured_media":1238,"comment_status":"open","ping_status":"open","sticky":false,"template":"","format":"standard","meta":{"footnotes":""},"categories":[422],"tags":[428,383,252,200,99,105,106],"home_featured":[],"class_list":["post-1514","post","type-post","status-publish","format-standard","has-post-thumbnail","hentry","category-la-noticia-y-el-comentario","tag-ciutat-intelligent-2","tag-smart-city","tag-mobilitat","tag-fira-de-barcelona","tag-energia","tag-medi-ambient","tag-sostenibilitat"],"acf":[],"_links":{"self":[{"href":"https:\/\/www.manifestacom.com\/es\/wp-json\/wp\/v2\/posts\/1514","targetHints":{"allow":["GET"]}}],"collection":[{"href":"https:\/\/www.manifestacom.com\/es\/wp-json\/wp\/v2\/posts"}],"about":[{"href":"https:\/\/www.manifestacom.com\/es\/wp-json\/wp\/v2\/types\/post"}],"author":[{"embeddable":true,"href":"https:\/\/www.manifestacom.com\/es\/wp-json\/wp\/v2\/users\/1"}],"replies":[{"embeddable":true,"href":"https:\/\/www.manifestacom.com\/es\/wp-json\/wp\/v2\/comments?post=1514"}],"version-history":[{"count":1,"href":"https:\/\/www.manifestacom.com\/es\/wp-json\/wp\/v2\/posts\/1514\/revisions"}],"predecessor-version":[{"id":1981,"href":"https:\/\/www.manifestacom.com\/es\/wp-json\/wp\/v2\/posts\/1514\/revisions\/1981"}],"wp:featuredmedia":[{"embeddable":true,"href":"https:\/\/www.manifestacom.com\/es\/wp-json\/wp\/v2\/media\/1238"}],"wp:attachment":[{"href":"https:\/\/www.manifestacom.com\/es\/wp-json\/wp\/v2\/media?parent=1514"}],"wp:term":[{"taxonomy":"category","embeddable":true,"href":"https:\/\/www.manifestacom.com\/es\/wp-json\/wp\/v2\/categories?post=1514"},{"taxonomy":"post_tag","embeddable":true,"href":"https:\/\/www.manifestacom.com\/es\/wp-json\/wp\/v2\/tags?post=1514"},{"taxonomy":"home_featured","embeddable":true,"href":"https:\/\/www.manifestacom.com\/es\/wp-json\/wp\/v2\/home_featured?post=1514"}],"curies":[{"name":"wp","href":"https:\/\/api.w.org\/{rel}","templated":true}]}}