{"id":1515,"date":"2014-11-24T17:03:58","date_gmt":"2014-11-24T17:03:58","guid":{"rendered":"http:\/\/www.manifestacom.com\/smartphones-una-revolucion-para-los-invidentes\/"},"modified":"2017-05-12T09:15:37","modified_gmt":"2017-05-12T09:15:37","slug":"smartphones-una-revolucion-para-los-invidentes","status":"publish","type":"post","link":"https:\/\/www.manifestacom.com\/es\/smartphones-una-revolucion-para-los-invidentes\/","title":{"rendered":"Smartphones: una revoluci\u00f3n para los invidentes"},"content":{"rendered":"<div class=\"wp-caption aligncenter\" style=\"width: 460px;\"><a href=\"http:\/\/www.manifestacom.com\/wp-content\/uploads\/2015\/01\/Coloradd.png\"><img loading=\"lazy\" decoding=\"async\" title=\"Coloradd\" src=\"http:\/\/www.manifestacom.com\/wp-content\/uploads\/2015\/01\/Coloradd.png\" alt=\"\" width=\"450\" height=\"308\" \/><\/a><\/p>\n<p class=\"wp-caption-text\">Coloradd es una aplicaci\u00f3n que ayuda a las personas invidentes o con visi\u00f3n limitada a reconocer los colores.<\/p>\n<\/div>\n<p style=\"text-align: left;\">Una fotograf\u00eda tomada con un <em>smartphone<\/em> se env\u00eda a un servidor, al que est\u00e1 conectado un amplio equipo de voluntarios dispuestos a responder instant\u00e1neamente a la pregunta del usuario: desde el contenido de una lata de conservas a la ubicaci\u00f3n de la entrada a un edificio.<\/p>\n<p>Es s\u00f3lo un ejemplo. Lupas electr\u00f3nicas personalizables; reconocedores de objetos; medidores de tiempo, espacio y vol\u00famenes; identificadores de colores para ayudar con la imagen personal \u2026 Los <em>smartphones<\/em> nos han facilitado la vida a todos, pero han revolucionado el d\u00eda a d\u00eda de las personas invidentes o con otras discapacidades.<\/p>\n<p>Para estas personas, la irrupci\u00f3n de las nuevas tecnolog\u00edas y el desarrollo de aplicaciones de asistencia que les ayudan a superar sus limitaciones de comunicaci\u00f3n, ha supuesto un paso de gigante en su capacidad de autonom\u00eda, el bien m\u00e1s preciado para cualquier ser humano.<\/p>\n<p>Sobre todas estas cuestiones ha tratado <a href=\"http:\/\/tifloinnova.once.es\/es\" target=\"_blank\">TifloInnova<\/a>, la feria de tecnolog\u00eda para invidentes celebrada la semana pasada en Madrid.<\/p>\n","protected":false},"excerpt":{"rendered":"<p>Coloradd es una aplicaci\u00f3n que ayuda a las personas invidentes o con visi\u00f3n limitada a reconocer los colores. Una fotograf\u00eda tomada con un smartphone se env\u00eda a un servidor, al que est\u00e1 conectado un amplio equipo de voluntarios dispuestos a responder instant\u00e1neamente a la pregunta&#8230;<\/p>\n","protected":false},"author":1,"featured_media":1241,"comment_status":"open","ping_status":"open","sticky":false,"template":"","format":"standard","meta":{"footnotes":""},"categories":[422],"tags":[384,385,386,284,110],"home_featured":[],"class_list":["post-1515","post","type-post","status-publish","format-standard","has-post-thumbnail","hentry","category-la-noticia-y-el-comentario","tag-discapacitat","tag-invidents","tag-salut","tag-smartphones","tag-tecnologia"],"acf":[],"_links":{"self":[{"href":"https:\/\/www.manifestacom.com\/es\/wp-json\/wp\/v2\/posts\/1515","targetHints":{"allow":["GET"]}}],"collection":[{"href":"https:\/\/www.manifestacom.com\/es\/wp-json\/wp\/v2\/posts"}],"about":[{"href":"https:\/\/www.manifestacom.com\/es\/wp-json\/wp\/v2\/types\/post"}],"author":[{"embeddable":true,"href":"https:\/\/www.manifestacom.com\/es\/wp-json\/wp\/v2\/users\/1"}],"replies":[{"embeddable":true,"href":"https:\/\/www.manifestacom.com\/es\/wp-json\/wp\/v2\/comments?post=1515"}],"version-history":[{"count":1,"href":"https:\/\/www.manifestacom.com\/es\/wp-json\/wp\/v2\/posts\/1515\/revisions"}],"predecessor-version":[{"id":1939,"href":"https:\/\/www.manifestacom.com\/es\/wp-json\/wp\/v2\/posts\/1515\/revisions\/1939"}],"wp:featuredmedia":[{"embeddable":true,"href":"https:\/\/www.manifestacom.com\/es\/wp-json\/wp\/v2\/media\/1241"}],"wp:attachment":[{"href":"https:\/\/www.manifestacom.com\/es\/wp-json\/wp\/v2\/media?parent=1515"}],"wp:term":[{"taxonomy":"category","embeddable":true,"href":"https:\/\/www.manifestacom.com\/es\/wp-json\/wp\/v2\/categories?post=1515"},{"taxonomy":"post_tag","embeddable":true,"href":"https:\/\/www.manifestacom.com\/es\/wp-json\/wp\/v2\/tags?post=1515"},{"taxonomy":"home_featured","embeddable":true,"href":"https:\/\/www.manifestacom.com\/es\/wp-json\/wp\/v2\/home_featured?post=1515"}],"curies":[{"name":"wp","href":"https:\/\/api.w.org\/{rel}","templated":true}]}}