{"id":1516,"date":"2016-04-29T03:37:13","date_gmt":"2016-04-29T03:37:13","guid":{"rendered":"http:\/\/www.manifestacom.com\/soria-dimite-el-problema-son-los-hechos-nunca-la-comunicacion\/"},"modified":"2017-05-11T08:40:32","modified_gmt":"2017-05-11T08:40:32","slug":"soria-dimite-el-problema-son-los-hechos-nunca-la-comunicacion","status":"publish","type":"post","link":"https:\/\/www.manifestacom.com\/es\/soria-dimite-el-problema-son-los-hechos-nunca-la-comunicacion\/","title":{"rendered":"Soria dimite: el problema son los hechos, nunca la comunicaci\u00f3n"},"content":{"rendered":"<p><a href=\"http:\/\/www.manifestacom.com\/wp-content\/uploads\/2016\/04\/Jos\u00e9_Manuel_Soria.jpg\"><img loading=\"lazy\" decoding=\"async\" class=\"aligncenter\" title=\"Jos\u00e9_Manuel_Soria\" src=\"http:\/\/www.manifestacom.com\/wp-content\/uploads\/2016\/04\/Jos\u00e9_Manuel_Soria-580x385.jpg\" alt=\"\" width=\"289\" height=\"191\" \/><\/a><\/p>\n<p>Por mal que comuniquemos nuestras acciones, el problema de fondo siempre son las acciones que han requerido una explicaci\u00f3n, y no las palabras, el momento o la estrategia escogidos, por desafortunados que sean.<\/p>\n<p>Parece l\u00f3gico y obvio, y en cambio es uno de los errores m\u00e1s comunes en comunicaci\u00f3n pol\u00edtica. El \u00faltimo caso lo hemos visto hace unos d\u00edas con la <a href=\"http:\/\/www.lavanguardia.com\/vida\/20160415\/401121960303\/el-ministre-jose-manuel-soria-dimiteix-per-la-seva-vinculacio-amb-societats-en-paradisos-fiscals.html\" target=\"_blank\">dimisi\u00f3n <\/a>de Jos\u00e9 Manuel Soria, ex ministro de Industria, Energ\u00eda y Turismo, que el pol\u00edtico del PP atribuy\u00f3 a \u201cerrores\u201d en las \u201cexplicaciones de sus actividades empresariales\u201d .<\/p>\n<p>Despu\u00e9s de publicarse en la prensa su supuesta implicaci\u00f3n con los papeles de Panam\u00e1, se sucedieron d\u00edas en que los detalles informativos alternaban con explicaciones a medias y contradicciones del ex ministro.<\/p>\n<p>Finalmente, Soria present\u00f3 su dimisi\u00f3n. En el <a href=\"http:\/\/www.elconfidencial.com\/economia\/papeles-panama\/2016-04-15\/dimision-jose-manuel-soria-comunicado-integro-ministro-industria-papeles-de-panama-panama-papers_1184326\/\" target=\"_blank\">comunicado <\/a>dec\u00eda as\u00ed:<\/p>\n<blockquote><p><strong>\u201c<\/strong><em>A la luz de la sucesi\u00f3n de los <\/em>errores cometidos<em> a lo largo de los \u00faltimos d\u00edas, en relaci\u00f3n a mis explicaciones de mis actividades empresariales anteriores a mi entrada en pol\u00edtica en 1995, debidos a la falta de informaci\u00f3n precisa sobre hechos que ocurrieron hace m\u00e1s de veinte a\u00f1os; sin perjuicio de que ninguna de tales actividades empresariales haya tenido relaci\u00f3n ni v\u00ednculo de tipo alguno con el ejercicio de tales responsabilidades pol\u00edticas; considerando el da\u00f1o evidente que esta situaci\u00f3n <\/em>est\u00e1 causando al Gobierno de Espa\u00f1a<em>, al Partido Popular, a mis compa\u00f1eros de militancia y a los votantes, singularmente grave en el momento pol\u00edtico actual, comunico que, tras conversaci\u00f3n con el presidente del Gobierno, le he trasladado mi <\/em>decisi\u00f3n irrevocable de presentar mi renuncia expresa <em>a las funciones que como ministro de Industria, Energ\u00eda y Turismo tengo encomendadas desde el pasado d\u00eda 21 de diciembre<\/em>\u201c.<\/p><\/blockquote>\n<p>Excusen la parrafada. Lo dec\u00eda as\u00ed, todo en una sola y \u00fanica oraci\u00f3n. Aunque reconoce no haberse explicado bien, tampoco el comunicado trata de esclarecer los hechos o justificarlos, y el estilo enrevesado del texto, con un aire casi legislativo, tampoco ayuda a transmitir una actitud honrada de querer explicarse y ser entendido. De las primeras reacciones exculpatorias de Soria a las informaciones en tono de \u00abno me planteo la dimisi\u00f3n\u00bb, hasta su dimisi\u00f3n, tras verse atrapado por los documentos que lo vinculan a para\u00edsos fiscales, s\u00f3lo pasaron tres d\u00edas.<\/p>\n<p>La idea de la comunicaci\u00f3n como raz\u00f3n para la dimisi\u00f3n es enga\u00f1osa y falaz. Si bien es cierto que la comunicaci\u00f3n a menudo no es tarea f\u00e1cil, si la acci\u00f3n cometida es justificable y se hace un esfuerzo para explicar honradamente las razones y el contexto, al final a menudo se comprende y, con penalizaci\u00f3n o sin ella, se \u201d perdona \u201c. Si la acci\u00f3n, en cambio, es injustificable y se utiliza la comunicaci\u00f3n para negarla, ocultarla y hacerla olvidar, estamos a\u00f1adiendo le\u00f1a al fuego de un castillo que previsiblemente acabar\u00e1 por derrumbarse.<\/p>\n<p>Si adem\u00e1s el protagonista del caso es un cargo p\u00fablico, la necesidad de explicaciones se multiplica, no por el da\u00f1o que se pueda hacer a un determinado partido o gobierno, sino para rendir cuentas a la ciudadan\u00eda que delega el poder, y para preservar los principios de transparencia y confianza fundamentales para el buen funcionamiento pol\u00edtico y social. Como dice el mismo Soria al final del comunicado, despu\u00e9s de decir que deja \u201ctodo tipo de actividad pol\u00edtica\u201d:<\/p>\n<blockquote><p>\u201c<em>La pol\u00edtica es una actividad que debe ser en todo momento ejemplar tambi\u00e9n en la pedagog\u00eda y en las explicaciones. Cuando as\u00ed no ocurre, deben asumirse las responsabilidades correspondientes<\/em>\u201c.<\/p><\/blockquote>\n<p>En resumen, es importante c\u00f3mo comunicamos, pero m\u00e1s importante es lo que hacemos. M\u00e1s all\u00e1 de si es buen comunicador o no, lo que importa es si Soria es un defraudador de la hacienda p\u00fablica.<\/p>\n","protected":false},"excerpt":{"rendered":"<p>Por mal que comuniquemos nuestras acciones, el problema de fondo siempre son las acciones que han requerido una explicaci\u00f3n, y no las palabras, el momento o la estrategia escogidos, por desafortunados que sean. Parece l\u00f3gico y obvio, y en cambio es uno de los errores&#8230;<\/p>\n","protected":false},"author":1,"featured_media":1244,"comment_status":"open","ping_status":"open","sticky":false,"template":"","format":"standard","meta":{"footnotes":""},"categories":[421],"tags":[],"home_featured":[],"class_list":["post-1516","post","type-post","status-publish","format-standard","has-post-thumbnail","hentry","category-el-post-es"],"acf":[],"_links":{"self":[{"href":"https:\/\/www.manifestacom.com\/es\/wp-json\/wp\/v2\/posts\/1516","targetHints":{"allow":["GET"]}}],"collection":[{"href":"https:\/\/www.manifestacom.com\/es\/wp-json\/wp\/v2\/posts"}],"about":[{"href":"https:\/\/www.manifestacom.com\/es\/wp-json\/wp\/v2\/types\/post"}],"author":[{"embeddable":true,"href":"https:\/\/www.manifestacom.com\/es\/wp-json\/wp\/v2\/users\/1"}],"replies":[{"embeddable":true,"href":"https:\/\/www.manifestacom.com\/es\/wp-json\/wp\/v2\/comments?post=1516"}],"version-history":[{"count":1,"href":"https:\/\/www.manifestacom.com\/es\/wp-json\/wp\/v2\/posts\/1516\/revisions"}],"predecessor-version":[{"id":1842,"href":"https:\/\/www.manifestacom.com\/es\/wp-json\/wp\/v2\/posts\/1516\/revisions\/1842"}],"wp:featuredmedia":[{"embeddable":true,"href":"https:\/\/www.manifestacom.com\/es\/wp-json\/wp\/v2\/media\/1244"}],"wp:attachment":[{"href":"https:\/\/www.manifestacom.com\/es\/wp-json\/wp\/v2\/media?parent=1516"}],"wp:term":[{"taxonomy":"category","embeddable":true,"href":"https:\/\/www.manifestacom.com\/es\/wp-json\/wp\/v2\/categories?post=1516"},{"taxonomy":"post_tag","embeddable":true,"href":"https:\/\/www.manifestacom.com\/es\/wp-json\/wp\/v2\/tags?post=1516"},{"taxonomy":"home_featured","embeddable":true,"href":"https:\/\/www.manifestacom.com\/es\/wp-json\/wp\/v2\/home_featured?post=1516"}],"curies":[{"name":"wp","href":"https:\/\/api.w.org\/{rel}","templated":true}]}}