{"id":1517,"date":"2012-01-27T11:19:51","date_gmt":"2012-01-27T11:19:51","guid":{"rendered":"http:\/\/www.manifestacom.com\/spanair-deja-de-volar\/"},"modified":"2017-05-04T15:11:36","modified_gmt":"2017-05-04T15:11:36","slug":"spanair-deja-de-volar","status":"publish","type":"post","link":"https:\/\/www.manifestacom.com\/es\/spanair-deja-de-volar\/","title":{"rendered":"Spanair deja de volar"},"content":{"rendered":"<div class=\"mceTemp\"><a href=\"http:\/\/www.manifestacom.com\/2012\/01\/27\/qatar-airways-abandona-la-negociacio-per-a-invertir-en-spanair\/spanair\/\" rel=\"attachment wp-att-827\"><img loading=\"lazy\" decoding=\"async\" class=\"alignleft size-full wp-image-827\" title=\"Un avi\u00f3n de Spanair en una pista de el aeropuerto de El Prat. \/ Tejederas para El Pa\u00eds\" src=\"http:\/\/www.manifestacom.com\/wp-content\/uploads\/2012\/01\/Spanair.jpg\" alt=\"\" width=\"560\" height=\"374\" \/><\/a><\/div>\n<div class=\"mceTemp\">\n<p>La retirada de la <a href=\"http:\/\/www.lavanguardia.com\/economia\/20120127\/54245941716\/qatar-airways-abandona-negociacion-invertir-spanair.html\">oferta de Qatar Airways <\/a>como inversor de Spanair ha sido la estocada\u00a0a la aerol\u00ednea catalana. <a href=\"http:\/\/www.ara.cat\/economia\/Spanair-deixara-matinada-divendres-dissabte_0_635336648.html\">Una mala noticia <\/a>a sumar a la del aplazamiento de la privatizaci\u00f3n del Aeroport de El Prat. Sin embargo, es necesario no perder este objetivo estrat\u00e9gico de vista \u00a0y que las administraciones p\u00fablicas catalanas y la sociedad civil se impliquen y refuercen, si es necesario, el compromiso para convertir El Prat en un hub de referencia en el Sur de Europa.<\/p>\n<\/div>\n","protected":false},"excerpt":{"rendered":"<p>La retirada de la oferta de Qatar Airways como inversor de Spanair ha sido la estocada\u00a0a la aerol\u00ednea catalana. Una mala noticia a sumar a la del aplazamiento de la privatizaci\u00f3n del Aeroport de El Prat. Sin embargo, es necesario no perder este objetivo estrat\u00e9gico&#8230;<\/p>\n","protected":false},"author":1,"featured_media":1247,"comment_status":"open","ping_status":"open","sticky":false,"template":"","format":"standard","meta":{"footnotes":""},"categories":[422],"tags":[387,210,126,68],"home_featured":[],"class_list":["post-1517","post","type-post","status-publish","format-standard","has-post-thumbnail","hentry","category-la-noticia-y-el-comentario","tag-aeroports","tag-logistica","tag-infraestructures","tag-turisme"],"acf":[],"_links":{"self":[{"href":"https:\/\/www.manifestacom.com\/es\/wp-json\/wp\/v2\/posts\/1517","targetHints":{"allow":["GET"]}}],"collection":[{"href":"https:\/\/www.manifestacom.com\/es\/wp-json\/wp\/v2\/posts"}],"about":[{"href":"https:\/\/www.manifestacom.com\/es\/wp-json\/wp\/v2\/types\/post"}],"author":[{"embeddable":true,"href":"https:\/\/www.manifestacom.com\/es\/wp-json\/wp\/v2\/users\/1"}],"replies":[{"embeddable":true,"href":"https:\/\/www.manifestacom.com\/es\/wp-json\/wp\/v2\/comments?post=1517"}],"version-history":[{"count":1,"href":"https:\/\/www.manifestacom.com\/es\/wp-json\/wp\/v2\/posts\/1517\/revisions"}],"predecessor-version":[{"id":1569,"href":"https:\/\/www.manifestacom.com\/es\/wp-json\/wp\/v2\/posts\/1517\/revisions\/1569"}],"wp:featuredmedia":[{"embeddable":true,"href":"https:\/\/www.manifestacom.com\/es\/wp-json\/wp\/v2\/media\/1247"}],"wp:attachment":[{"href":"https:\/\/www.manifestacom.com\/es\/wp-json\/wp\/v2\/media?parent=1517"}],"wp:term":[{"taxonomy":"category","embeddable":true,"href":"https:\/\/www.manifestacom.com\/es\/wp-json\/wp\/v2\/categories?post=1517"},{"taxonomy":"post_tag","embeddable":true,"href":"https:\/\/www.manifestacom.com\/es\/wp-json\/wp\/v2\/tags?post=1517"},{"taxonomy":"home_featured","embeddable":true,"href":"https:\/\/www.manifestacom.com\/es\/wp-json\/wp\/v2\/home_featured?post=1517"}],"curies":[{"name":"wp","href":"https:\/\/api.w.org\/{rel}","templated":true}]}}