{"id":1521,"date":"2013-06-25T04:39:31","date_gmt":"2013-06-25T04:39:31","guid":{"rendered":"http:\/\/www.manifestacom.com\/tertulias-y-tertulianos-un-debate-necesario\/"},"modified":"2017-05-08T20:08:32","modified_gmt":"2017-05-08T20:08:32","slug":"tertulias-y-tertulianos-un-debate-necesario","status":"publish","type":"post","link":"https:\/\/www.manifestacom.com\/es\/tertulias-y-tertulianos-un-debate-necesario\/","title":{"rendered":"Tertulias y tertulianos: un debate necesario"},"content":{"rendered":"<p>Hace un tiempo que las tertulias y los tertulianos han llamado la <a href=\"http:\/\/www.media.cat\/wp-content\/uploads\/2013\/03\/Informe_Mediacat_Opinadors_Informes-M%C3%A8dia.cat_.pdf\">atenci\u00f3n<\/a> de los que analizan los medios de comunicaci\u00f3n del pa\u00eds. Hasta qu\u00e9 punto representan la opini\u00f3n p\u00fablica? Es adecuado el actual modelo de tertulia para los tiempos que vivimos? <a href=\"http:\/\/www.cerclegerrymandering.cat\/llei-ferro-tertulies-politiques\/\">Este art\u00edculo<\/a> del polit\u00f3logo y consultor <a href=\"http:\/\/www.xrassociats.com\/index.php?option=com_content&amp;view=article&amp;id=14&amp;Itemid=45\">Carles A. Foguet<\/a> publicado en el blog de pol\u00edtica <a href=\"http:\/\/www.cerclegerrymandering.cat\/\">Cercle Gerrymandering<\/a>, anima a comenzar el debate sobre esta cuesti\u00f3n.<\/p>\n<p>No escapa a nadie que Catalu\u00f1a se encuentra en un momento de efervescencia social y pol\u00edtica, de un cambio acelerado e imprevisible que se percibe en la calle y se refleja en el \u00e1mbito pol\u00edtico, como muestran los resultados del \u00faltimo <a href=\"http:\/\/www.lavanguardia.com\/encatala\/20130620\/54376828400\/erc-guanyaria-eleccions-parlament-ceo.html\">bar\u00f3metro<\/a> del CEO. En cambio, el conjunto de tertulianos que comentan la actualidad cada d\u00eda es sorprendentemente <a href=\"http:\/\/joanvallve.blogspot.com\/2013\/04\/els-nostres-tertulians-2012.html\">estable<\/a> y poco variado, con muchos perfiles pol\u00edticos y human\u00edsticos en general y pocos perfiles t\u00e9cnicos y cient\u00edficos.<\/p>\n<p>Como dice el soci\u00f3logo (y tertuliano habitual) Salvador Card\u00fas en un <a href=\"http:\/\/www.ara.cat\/premium\/opinio\/ciutada-ben-informat_0_944305563.html\">art\u00edculo reciente<\/a> en el peri\u00f3dico Ara, unos medios de comunicaci\u00f3n independientes, junto con unos ciudadanos cr\u00edticos y bien informados, son fundamentales para tener una democracia de calidad. El debate sobre los medios de comunicaci\u00f3n que queremos para Catalu\u00f1a es, pues, imprescindible.<\/p>\n","protected":false},"excerpt":{"rendered":"<p>Hace un tiempo que las tertulias y los tertulianos han llamado la atenci\u00f3n de los que analizan los medios de comunicaci\u00f3n del pa\u00eds. Hasta qu\u00e9 punto representan la opini\u00f3n p\u00fablica? Es adecuado el actual modelo de tertulia para los tiempos que vivimos? Este art\u00edculo del&#8230;<\/p>\n","protected":false},"author":1,"featured_media":1259,"comment_status":"open","ping_status":"open","sticky":false,"template":"","format":"standard","meta":{"footnotes":""},"categories":[422],"tags":[281,124,52],"home_featured":[],"class_list":["post-1521","post","type-post","status-publish","format-standard","has-post-thumbnail","hentry","category-la-noticia-y-el-comentario","tag-mitjans-de-comunicacio","tag-comunicacio-electoral","tag-comunicacio-politica"],"acf":[],"_links":{"self":[{"href":"https:\/\/www.manifestacom.com\/es\/wp-json\/wp\/v2\/posts\/1521","targetHints":{"allow":["GET"]}}],"collection":[{"href":"https:\/\/www.manifestacom.com\/es\/wp-json\/wp\/v2\/posts"}],"about":[{"href":"https:\/\/www.manifestacom.com\/es\/wp-json\/wp\/v2\/types\/post"}],"author":[{"embeddable":true,"href":"https:\/\/www.manifestacom.com\/es\/wp-json\/wp\/v2\/users\/1"}],"replies":[{"embeddable":true,"href":"https:\/\/www.manifestacom.com\/es\/wp-json\/wp\/v2\/comments?post=1521"}],"version-history":[{"count":1,"href":"https:\/\/www.manifestacom.com\/es\/wp-json\/wp\/v2\/posts\/1521\/revisions"}],"predecessor-version":[{"id":1747,"href":"https:\/\/www.manifestacom.com\/es\/wp-json\/wp\/v2\/posts\/1521\/revisions\/1747"}],"wp:featuredmedia":[{"embeddable":true,"href":"https:\/\/www.manifestacom.com\/es\/wp-json\/wp\/v2\/media\/1259"}],"wp:attachment":[{"href":"https:\/\/www.manifestacom.com\/es\/wp-json\/wp\/v2\/media?parent=1521"}],"wp:term":[{"taxonomy":"category","embeddable":true,"href":"https:\/\/www.manifestacom.com\/es\/wp-json\/wp\/v2\/categories?post=1521"},{"taxonomy":"post_tag","embeddable":true,"href":"https:\/\/www.manifestacom.com\/es\/wp-json\/wp\/v2\/tags?post=1521"},{"taxonomy":"home_featured","embeddable":true,"href":"https:\/\/www.manifestacom.com\/es\/wp-json\/wp\/v2\/home_featured?post=1521"}],"curies":[{"name":"wp","href":"https:\/\/api.w.org\/{rel}","templated":true}]}}