{"id":1523,"date":"2016-05-27T18:28:33","date_gmt":"2016-05-27T18:28:33","guid":{"rendered":"http:\/\/www.manifestacom.com\/todo-centro-educativo-necessita-una-guia-de-actuacion-en-redes-sociales\/"},"modified":"2017-05-08T07:59:32","modified_gmt":"2017-05-08T07:59:32","slug":"todo-centro-educativo-necessita-una-guia-de-actuacion-en-redes-sociales","status":"publish","type":"post","link":"https:\/\/www.manifestacom.com\/es\/todo-centro-educativo-necessita-una-guia-de-actuacion-en-redes-sociales\/","title":{"rendered":"Todo centro educativo necessita una gu\u00eda de actuaci\u00f3n en redes sociales"},"content":{"rendered":"<p>Parece que es hora de hablar de las implicaciones que determinados usos de las redes sociales pueden tener para un sector tan socialmente sensible como son los docentes. La Vanguardia lo comentaba hace unos d\u00edas en un art\u00edculo titulado \u00ab<a href=\"http:\/\/www.lavanguardia.com\/vida\/20160429\/401454641928\/reglas-profesores-redes-sociales.html\" target=\"_blank\" data-saferedirecturl=\"https:\/\/www.google.com\/url?hl=en-GB&amp;q=http:\/\/www.lavanguardia.com\/vida\/20160429\/401454641928\/reglas-profesores-redes-sociales.html&amp;source=gmail&amp;ust=1463044994415000&amp;usg=AFQjCNGzmF5_23gEqBke0DCBn43o_R-YUQ\">Ocho reglas que deben seguir los profesores en las redes sociales<\/a>\u00bb. Ya existen varios casos en que profesores han sido despedidos por contenidos compartidos en las redes.<\/p>\n<p>Algunos sectores profesionales de car\u00e1cter m\u00e1s p\u00fablico y social, como los periodistas, ya hace a\u00f1os que tratan de dar consejos o establecer normas de gesti\u00f3n de los perfiles personales en las redes. Poco a poco, sin embargo, otros sectores m\u00e1s cl\u00e1sicos reflexionan tambi\u00e9n. Aunque todav\u00eda es una pr\u00e1ctica minoritaria, es una necesidad de primer orden, para todo tipo de empresas, organizaciones e instituciones pol\u00edticas y educativas, contar con una gu\u00eda de actuaci\u00f3n en redes sociales dirigida a sus trabajadores o miembros, que establezca pautas concretas y tenga en cuenta las particularidades de cada sector.<\/p>\n<p>La llamada digitalizaci\u00f3n avanza a velocidad de v\u00e9rtigo. Nuevos h\u00e1bitos y pr\u00e1cticas, generalmente relacionadas con el m\u00f3vil, se instalan en nuestras vidas, tal vez porque nos parecen \u00fatiles o entretenidos, o a la moda. Ya parece que han estado ah\u00ed toda la vida, y sin embargo a menudo no hemos tenido todav\u00eda un momento para reflexionar sobre pros, contras e implicaciones m\u00e1s all\u00e1.<\/p>\n<p>A medida que avanza la era digital y se normaliza la utilizaci\u00f3n de las redes sociales, individuos, empresas e instituciones, y la sociedad en su conjunto, aprendemos sobre la marcha a usarlas. No es tan f\u00e1cil como parece. En las redes sociales, la vida personal y la profesional se mezclan: all\u00ed somos a la vez en el \u00e1mbito p\u00fablico y en el \u00e1mbito privado de la expresi\u00f3n m\u00e1s personal, emocional y opinativa. Precauci\u00f3n, y sentido com\u00fan.<\/p>\n","protected":false},"excerpt":{"rendered":"<p>Parece que es hora de hablar de las implicaciones que determinados usos de las redes sociales pueden tener para un sector tan socialmente sensible como son los docentes. La Vanguardia lo comentaba hace unos d\u00edas en un art\u00edculo titulado \u00abOcho reglas que deben seguir los&#8230;<\/p>\n","protected":false},"author":1,"featured_media":1265,"comment_status":"open","ping_status":"open","sticky":false,"template":"","format":"standard","meta":{"footnotes":""},"categories":[422],"tags":[277,49],"home_featured":[],"class_list":["post-1523","post","type-post","status-publish","format-standard","has-post-thumbnail","hentry","category-la-noticia-y-el-comentario","tag-educacio","tag-xarxes-socials"],"acf":[],"_links":{"self":[{"href":"https:\/\/www.manifestacom.com\/es\/wp-json\/wp\/v2\/posts\/1523","targetHints":{"allow":["GET"]}}],"collection":[{"href":"https:\/\/www.manifestacom.com\/es\/wp-json\/wp\/v2\/posts"}],"about":[{"href":"https:\/\/www.manifestacom.com\/es\/wp-json\/wp\/v2\/types\/post"}],"author":[{"embeddable":true,"href":"https:\/\/www.manifestacom.com\/es\/wp-json\/wp\/v2\/users\/1"}],"replies":[{"embeddable":true,"href":"https:\/\/www.manifestacom.com\/es\/wp-json\/wp\/v2\/comments?post=1523"}],"version-history":[{"count":1,"href":"https:\/\/www.manifestacom.com\/es\/wp-json\/wp\/v2\/posts\/1523\/revisions"}],"predecessor-version":[{"id":1636,"href":"https:\/\/www.manifestacom.com\/es\/wp-json\/wp\/v2\/posts\/1523\/revisions\/1636"}],"wp:featuredmedia":[{"embeddable":true,"href":"https:\/\/www.manifestacom.com\/es\/wp-json\/wp\/v2\/media\/1265"}],"wp:attachment":[{"href":"https:\/\/www.manifestacom.com\/es\/wp-json\/wp\/v2\/media?parent=1523"}],"wp:term":[{"taxonomy":"category","embeddable":true,"href":"https:\/\/www.manifestacom.com\/es\/wp-json\/wp\/v2\/categories?post=1523"},{"taxonomy":"post_tag","embeddable":true,"href":"https:\/\/www.manifestacom.com\/es\/wp-json\/wp\/v2\/tags?post=1523"},{"taxonomy":"home_featured","embeddable":true,"href":"https:\/\/www.manifestacom.com\/es\/wp-json\/wp\/v2\/home_featured?post=1523"}],"curies":[{"name":"wp","href":"https:\/\/api.w.org\/{rel}","templated":true}]}}