{"id":1524,"date":"2015-02-02T13:01:59","date_gmt":"2015-02-02T13:01:59","guid":{"rendered":"http:\/\/www.manifestacom.com\/todas-las-caras-de-la-comunicacion\/"},"modified":"2017-05-04T15:16:55","modified_gmt":"2017-05-04T15:16:55","slug":"todas-las-caras-de-la-comunicacion","status":"publish","type":"post","link":"https:\/\/www.manifestacom.com\/es\/todas-las-caras-de-la-comunicacion\/","title":{"rendered":"Todas las caras de la comunicaci\u00f3n"},"content":{"rendered":"<p><a href=\"http:\/\/www.manifestacom.com\/wp-content\/uploads\/2015\/02\/araperich.jpg-large.jpg\"><img loading=\"lazy\" decoding=\"async\" class=\"aligncenter\" title=\"araperich.jpg large\" src=\"http:\/\/www.manifestacom.com\/wp-content\/uploads\/2015\/02\/araperich.jpg-large-386x580.jpg\" alt=\"\" width=\"232\" height=\"348\" \/><\/a><\/p>\n<p>Felicitamos la iniciativa del Diari Ara, que ayer dedic\u00f3 su edici\u00f3n del domingo conmemorar el 20 aniversario de la muerte de Jaume Perich, uno de los grandes dibujantes catalanes. Y lo hizo de una manera original y creativa: ilustrando el diario con unas 70 vi\u00f1etas que, aunque fueron ideadas hace d\u00e9cadas, ayer mismo funcionaron perfectamente para ilustrar la actualidad informativa.<\/p>\n<p>El mensaje es claro: el dibujo, y en especial el humor\u00edstico, es una forma de comunicaci\u00f3n peculiar, necesaria e irremplazable. Quiz\u00e1s ser\u00eda necesario que la us\u00e1ramos m\u00e1s a menudo.<\/p>\n","protected":false},"excerpt":{"rendered":"<p>Felicitamos la iniciativa del Diari Ara, que ayer dedic\u00f3 su edici\u00f3n del domingo conmemorar el 20 aniversario de la muerte de Jaume Perich, uno de los grandes dibujantes catalanes. Y lo hizo de una manera original y creativa: ilustrando el diario con unas 70 vi\u00f1etas&#8230;<\/p>\n","protected":false},"author":1,"featured_media":1268,"comment_status":"open","ping_status":"open","sticky":false,"template":"","format":"standard","meta":{"footnotes":""},"categories":[422],"tags":[391,127,63,75],"home_featured":[],"class_list":["post-1524","post","type-post","status-publish","format-standard","has-post-thumbnail","hentry","category-la-noticia-y-el-comentario","tag-comunicacio-grafica","tag-humor","tag-charlie-hebdo","tag-periodisme"],"acf":[],"_links":{"self":[{"href":"https:\/\/www.manifestacom.com\/es\/wp-json\/wp\/v2\/posts\/1524","targetHints":{"allow":["GET"]}}],"collection":[{"href":"https:\/\/www.manifestacom.com\/es\/wp-json\/wp\/v2\/posts"}],"about":[{"href":"https:\/\/www.manifestacom.com\/es\/wp-json\/wp\/v2\/types\/post"}],"author":[{"embeddable":true,"href":"https:\/\/www.manifestacom.com\/es\/wp-json\/wp\/v2\/users\/1"}],"replies":[{"embeddable":true,"href":"https:\/\/www.manifestacom.com\/es\/wp-json\/wp\/v2\/comments?post=1524"}],"version-history":[{"count":1,"href":"https:\/\/www.manifestacom.com\/es\/wp-json\/wp\/v2\/posts\/1524\/revisions"}],"predecessor-version":[{"id":1576,"href":"https:\/\/www.manifestacom.com\/es\/wp-json\/wp\/v2\/posts\/1524\/revisions\/1576"}],"wp:featuredmedia":[{"embeddable":true,"href":"https:\/\/www.manifestacom.com\/es\/wp-json\/wp\/v2\/media\/1268"}],"wp:attachment":[{"href":"https:\/\/www.manifestacom.com\/es\/wp-json\/wp\/v2\/media?parent=1524"}],"wp:term":[{"taxonomy":"category","embeddable":true,"href":"https:\/\/www.manifestacom.com\/es\/wp-json\/wp\/v2\/categories?post=1524"},{"taxonomy":"post_tag","embeddable":true,"href":"https:\/\/www.manifestacom.com\/es\/wp-json\/wp\/v2\/tags?post=1524"},{"taxonomy":"home_featured","embeddable":true,"href":"https:\/\/www.manifestacom.com\/es\/wp-json\/wp\/v2\/home_featured?post=1524"}],"curies":[{"name":"wp","href":"https:\/\/api.w.org\/{rel}","templated":true}]}}