{"id":1525,"date":"2013-10-11T11:21:30","date_gmt":"2013-10-11T11:21:30","guid":{"rendered":"http:\/\/www.manifestacom.com\/triste-viralidad-el-video-de-los-jovenes-emigrados\/"},"modified":"2017-05-17T11:34:10","modified_gmt":"2017-05-17T11:34:10","slug":"triste-viralidad-el-video-de-los-jovenes-emigrados","status":"publish","type":"post","link":"https:\/\/www.manifestacom.com\/es\/triste-viralidad-el-video-de-los-jovenes-emigrados\/","title":{"rendered":"Triste viralidad: El v\u00eddeo de los j\u00f3venes emigrados"},"content":{"rendered":"<p><iframe loading=\"lazy\" src=\"\/\/www.youtube.com\/embed\/qxu5W4bj4I8\" width=\"420\" height=\"315\" frameborder=\"0\"><\/iframe><\/p>\n<p>Un emotivo v\u00eddeo con trasfondo pol\u00edtico salta de muro en muro estos d\u00edas. Con m\u00e1s de 1.300.000 visitas en cinco d\u00edas, \u201c<a href=\"https:\/\/www.youtube.com\/watch?feature=player_embedded&amp;v=qxu5W4bj4I8\" target=\"_blank\">La sorpresa. Dedicado a todos los que est\u00e1n lejos<\/a>\u201d muestra la <a href=\"http:\/\/www.huffingtonpost.es\/2013\/10\/08\/la-sorpresa-video-abrazos_n_4061923.html\" target=\"_blank\">sorpresa <\/a>que dos j\u00f3venes valencianos dan a sus familias al volver sin previo aviso de M\u00e9xico, donde residen.<\/p>\n<p>El v\u00eddeo termina con un mensaje a los dirigentes pol\u00edticos: \u201cQuiz\u00e1 en las cuentas oficiales figuren como residentes en el extranjero, pero deber\u00edan aparecer como nuevos exiliados producto de la ceguera de nuestro pa\u00eds\u201d. Y un desig: \u201cEsperamos que alg\u00fan d\u00eda nos dej\u00e9is volver\u201d.<\/p>\n<p>Un v\u00eddeo triste que quisi\u00e9ramos no haber visto nunca.<\/p>\n","protected":false},"excerpt":{"rendered":"<p>Un emotivo v\u00eddeo con trasfondo pol\u00edtico salta de muro en muro estos d\u00edas. Con m\u00e1s de 1.300.000 visitas en cinco d\u00edas, \u201cLa sorpresa. Dedicado a todos los que est\u00e1n lejos\u201d muestra la sorpresa que dos j\u00f3venes valencianos dan a sus familias al volver sin previo&#8230;<\/p>\n","protected":false},"author":1,"featured_media":1271,"comment_status":"open","ping_status":"open","sticky":false,"template":"","format":"standard","meta":{"footnotes":""},"categories":[422],"tags":[392,234,227,107],"home_featured":[],"class_list":["post-1525","post","type-post","status-publish","format-standard","has-post-thumbnail","hentry","category-la-noticia-y-el-comentario","tag-emigrants","tag-videos","tag-viralitat","tag-crisi"],"acf":[],"_links":{"self":[{"href":"https:\/\/www.manifestacom.com\/es\/wp-json\/wp\/v2\/posts\/1525","targetHints":{"allow":["GET"]}}],"collection":[{"href":"https:\/\/www.manifestacom.com\/es\/wp-json\/wp\/v2\/posts"}],"about":[{"href":"https:\/\/www.manifestacom.com\/es\/wp-json\/wp\/v2\/types\/post"}],"author":[{"embeddable":true,"href":"https:\/\/www.manifestacom.com\/es\/wp-json\/wp\/v2\/users\/1"}],"replies":[{"embeddable":true,"href":"https:\/\/www.manifestacom.com\/es\/wp-json\/wp\/v2\/comments?post=1525"}],"version-history":[{"count":1,"href":"https:\/\/www.manifestacom.com\/es\/wp-json\/wp\/v2\/posts\/1525\/revisions"}],"predecessor-version":[{"id":1978,"href":"https:\/\/www.manifestacom.com\/es\/wp-json\/wp\/v2\/posts\/1525\/revisions\/1978"}],"wp:featuredmedia":[{"embeddable":true,"href":"https:\/\/www.manifestacom.com\/es\/wp-json\/wp\/v2\/media\/1271"}],"wp:attachment":[{"href":"https:\/\/www.manifestacom.com\/es\/wp-json\/wp\/v2\/media?parent=1525"}],"wp:term":[{"taxonomy":"category","embeddable":true,"href":"https:\/\/www.manifestacom.com\/es\/wp-json\/wp\/v2\/categories?post=1525"},{"taxonomy":"post_tag","embeddable":true,"href":"https:\/\/www.manifestacom.com\/es\/wp-json\/wp\/v2\/tags?post=1525"},{"taxonomy":"home_featured","embeddable":true,"href":"https:\/\/www.manifestacom.com\/es\/wp-json\/wp\/v2\/home_featured?post=1525"}],"curies":[{"name":"wp","href":"https:\/\/api.w.org\/{rel}","templated":true}]}}