{"id":1529,"date":"2015-08-07T16:19:09","date_gmt":"2015-08-07T16:19:09","guid":{"rendered":"http:\/\/www.manifestacom.com\/uber-wars-las-batallas-en-todo-el-mundo-del-cabeza-de-turco-de-la-sharing-economy\/"},"modified":"2017-05-08T20:03:32","modified_gmt":"2017-05-08T20:03:32","slug":"uber-wars-las-batallas-en-todo-el-mundo-del-cabeza-de-turco-de-la-sharing-economy","status":"publish","type":"post","link":"https:\/\/www.manifestacom.com\/es\/uber-wars-las-batallas-en-todo-el-mundo-del-cabeza-de-turco-de-la-sharing-economy\/","title":{"rendered":"Uber Wars: las batallas en todo el mundo del cabeza de turco de la \u2018sharing economy\u2019"},"content":{"rendered":"<p><a href=\"http:\/\/www.manifestacom.com\/wp-content\/uploads\/2015\/08\/maniUbermadrid.jpg\"><img loading=\"lazy\" decoding=\"async\" class=\"aligncenter\" title=\"maniUbermadrid\" src=\"http:\/\/www.manifestacom.com\/wp-content\/uploads\/2015\/08\/maniUbermadrid-580x289.jpg\" alt=\"\" width=\"358\" height=\"178\" \/><\/a><\/p>\n<p>De Nueva York a Barcelona, la aplicaci\u00f3n de taxistas amateurs Uber est\u00e1 revolucionando el transporte urbano y haciendo temblar el sector del taxi en ciudades de todo el mundo. Las ya conocidas como \u201cUber wars\u201d representan el choque entre la econom\u00eda tradicional y el abanico de posibilidades de consumo colaborativo que ha abierto la llegada de las nuevas tecnolog\u00edas. Como dijo el fil\u00f3sofo griego Her\u00e1clito, nada es permanente excepto el cambio. La cuesti\u00f3n es c\u00f3mo gestionarlo.<\/p>\n<p>Como explica Enrique Dans en un art\u00edculo titulado <a href=\"http:\/\/www.voceseconomicas.com\/repensando-la-sharing-economy\/\" target=\"_blank\">Repensando la \u2018sharing economy\u2019<\/a>, algunos gobiernos optan por reaccionar ante las iniciativas que surgen con medidas conservadoras que ceden a la presi\u00f3n de los <em>lobbies<\/em> tradicionales y obstaculizan el desarrollo de servicios innovadores, como hizo la Generalitat de Catalu\u00f1a con <a href=\"http:\/\/www.racocatala.cat\/forums\/fil\/186138\/generalitat-sanciona-lapli-taxistes-amateurs-uber-multara-fins-6.000-euros-conductors\" target=\"_blank\">Uber <\/a>y <a href=\"http:\/\/www.elperiodico.com\/es\/noticias\/economia\/generalitat-sanciona-airbnb-amenaza-con-bloquear-web-3361447\" target=\"_blank\">Airbnb <\/a>(lo mismo se ha hecho en toda <a href=\"http:\/\/www.elconfidencial.com\/tecnologia\/2015-07-06\/uber-pop-espana_914658\/\" target=\"_blank\">Espa\u00f1a<\/a>). Otros, sin embargo, buscan maneras de regular estos nuevos servicios porque ven la <a href=\"http:\/\/comein.uoc.edu\/divulgacio\/comein\/ca\/numero40\/articles\/Article-Sandra-Sanz-Martos.html\" target=\"_blank\"><em>sharing economy<\/em><\/a> como una oportunidad de dinamizaci\u00f3n de la econom\u00eda que puede aportar soluciones a algunos problemas actuales, tanto de estilo de vida como de desempleo.<\/p>\n<p>Un art\u00edculo de<a href=\"http:\/\/www.businessinsider.com\/heres-everywhere-uber-is-banned-around-the-world-2015-4?op=1\" target=\"_blank\"> Business Insider <\/a>explica la situaci\u00f3n legal de Uber en diferentes partes del mundo con un <a href=\"http:\/\/www.globalpost.com\/sites\/default\/files\/photos\/201504\/ubermap_lead_0.jpg?itok=J7Peimks\" target=\"_blank\">gr\u00e1fico<\/a>, as\u00ed como las no pocas crisis de imagen p\u00fablica en las que se ha enfrentado la aplicaci\u00f3n en todo el mundo, desde las huelgas y manifestaciones (a menudo con episodios de violencia) de los gremios de taxistas en las grandes capitales hasta las pol\u00e9micas por la inseguridad laboral y f\u00edsica de conductores y usuarios.<\/p>\n<p>Es lo que tiene ser parte de la avanzadilla: todo est\u00e1 por hacer. La cuesti\u00f3n es c\u00f3mo aprovechar el cambio inevitable, c\u00f3mo gestionarlo para convertirlo en una oportunidad. Cuanto antes lo hagamos, menos dolorosa ser\u00e1 la transici\u00f3n.<\/p>\n","protected":false},"excerpt":{"rendered":"<p>De Nueva York a Barcelona, la aplicaci\u00f3n de taxistas amateurs Uber est\u00e1 revolucionando el transporte urbano y haciendo temblar el sector del taxi en ciudades de todo el mundo. Las ya conocidas como \u201cUber wars\u201d representan el choque entre la econom\u00eda tradicional y el abanico&#8230;<\/p>\n","protected":false},"author":1,"featured_media":1283,"comment_status":"open","ping_status":"open","sticky":false,"template":"","format":"standard","meta":{"footnotes":""},"categories":[421],"tags":[399,398],"home_featured":[],"class_list":["post-1529","post","type-post","status-publish","format-standard","has-post-thumbnail","hentry","category-el-post-es","tag-uber","tag-sharing-economy"],"acf":[],"_links":{"self":[{"href":"https:\/\/www.manifestacom.com\/es\/wp-json\/wp\/v2\/posts\/1529","targetHints":{"allow":["GET"]}}],"collection":[{"href":"https:\/\/www.manifestacom.com\/es\/wp-json\/wp\/v2\/posts"}],"about":[{"href":"https:\/\/www.manifestacom.com\/es\/wp-json\/wp\/v2\/types\/post"}],"author":[{"embeddable":true,"href":"https:\/\/www.manifestacom.com\/es\/wp-json\/wp\/v2\/users\/1"}],"replies":[{"embeddable":true,"href":"https:\/\/www.manifestacom.com\/es\/wp-json\/wp\/v2\/comments?post=1529"}],"version-history":[{"count":1,"href":"https:\/\/www.manifestacom.com\/es\/wp-json\/wp\/v2\/posts\/1529\/revisions"}],"predecessor-version":[{"id":1741,"href":"https:\/\/www.manifestacom.com\/es\/wp-json\/wp\/v2\/posts\/1529\/revisions\/1741"}],"wp:featuredmedia":[{"embeddable":true,"href":"https:\/\/www.manifestacom.com\/es\/wp-json\/wp\/v2\/media\/1283"}],"wp:attachment":[{"href":"https:\/\/www.manifestacom.com\/es\/wp-json\/wp\/v2\/media?parent=1529"}],"wp:term":[{"taxonomy":"category","embeddable":true,"href":"https:\/\/www.manifestacom.com\/es\/wp-json\/wp\/v2\/categories?post=1529"},{"taxonomy":"post_tag","embeddable":true,"href":"https:\/\/www.manifestacom.com\/es\/wp-json\/wp\/v2\/tags?post=1529"},{"taxonomy":"home_featured","embeddable":true,"href":"https:\/\/www.manifestacom.com\/es\/wp-json\/wp\/v2\/home_featured?post=1529"}],"curies":[{"name":"wp","href":"https:\/\/api.w.org\/{rel}","templated":true}]}}