{"id":1530,"date":"2013-07-01T23:47:31","date_gmt":"2013-07-01T23:47:31","guid":{"rendered":"http:\/\/www.manifestacom.com\/un-comunicado-de-dos-lineas-comunica\/"},"modified":"2017-05-11T16:06:15","modified_gmt":"2017-05-11T16:06:15","slug":"un-comunicado-de-dos-lineas-comunica","status":"publish","type":"post","link":"https:\/\/www.manifestacom.com\/es\/un-comunicado-de-dos-lineas-comunica\/","title":{"rendered":"Un comunicado de dos l\u00edneas\u2026 \u00bfcomunica?"},"content":{"rendered":"<p>El PP reaccion\u00f3 con un comunicado de dos l\u00edneas a la decisi\u00f3n del juez Pablo Ruz de decretar prisi\u00f3n incondicional y sin fianza para Luis B\u00e1rcenas, que fue tesorero del partido durante m\u00e1s de 20 a\u00f1os. \u201cEl Partido Popular manifiesta, como ha hecho siempre, con respecto a las decisiones judiciales en todos los procedimientos\u201d. Diecisiete palabras, y vac\u00edas de contenido.<\/p>\n<p>Un comunicado de dos l\u00edneas que no dicen nada\u2026 \u00bfcomunica? \u00a1Por supuesto! Comunica un mensaje muy claro: \u201c<a href=\"http:\/\/www.mimesacojea.com\/2013\/06\/nuevo-comunicado-del-pp-sobre-barcenas.html\">no queremos comunicar nada<\/a>\u201d. A partir de ah\u00ed, el abanico de posibles interpretaciones es infinito y f\u00e1cilmente incluir\u00e1 la sospecha, la ofensa por falta de respeto y la indignaci\u00f3n. Quiz\u00e1s hubiera sido mejor opci\u00f3n, teniendo en cuenta que el partido ya hab\u00eda dicho \u00a0que no comentar\u00eda la decisi\u00f3n del juez, no enviar ning\u00fan comunicado.<\/p>\n","protected":false},"excerpt":{"rendered":"<p>El PP reaccion\u00f3 con un comunicado de dos l\u00edneas a la decisi\u00f3n del juez Pablo Ruz de decretar prisi\u00f3n incondicional y sin fianza para Luis B\u00e1rcenas, que fue tesorero del partido durante m\u00e1s de 20 a\u00f1os. \u201cEl Partido Popular manifiesta, como ha hecho siempre, con&#8230;<\/p>\n","protected":false},"author":1,"featured_media":1286,"comment_status":"open","ping_status":"open","sticky":false,"template":"","format":"standard","meta":{"footnotes":""},"categories":[422],"tags":[163,52,53,54,51],"home_featured":[],"class_list":["post-1530","post","type-post","status-publish","format-standard","has-post-thumbnail","hentry","category-la-noticia-y-el-comentario","tag-reputacio","tag-comunicacio-politica","tag-percepcio-publica","tag-politica","tag-comunicacio-de-crisi"],"acf":[],"_links":{"self":[{"href":"https:\/\/www.manifestacom.com\/es\/wp-json\/wp\/v2\/posts\/1530","targetHints":{"allow":["GET"]}}],"collection":[{"href":"https:\/\/www.manifestacom.com\/es\/wp-json\/wp\/v2\/posts"}],"about":[{"href":"https:\/\/www.manifestacom.com\/es\/wp-json\/wp\/v2\/types\/post"}],"author":[{"embeddable":true,"href":"https:\/\/www.manifestacom.com\/es\/wp-json\/wp\/v2\/users\/1"}],"replies":[{"embeddable":true,"href":"https:\/\/www.manifestacom.com\/es\/wp-json\/wp\/v2\/comments?post=1530"}],"version-history":[{"count":1,"href":"https:\/\/www.manifestacom.com\/es\/wp-json\/wp\/v2\/posts\/1530\/revisions"}],"predecessor-version":[{"id":1919,"href":"https:\/\/www.manifestacom.com\/es\/wp-json\/wp\/v2\/posts\/1530\/revisions\/1919"}],"wp:featuredmedia":[{"embeddable":true,"href":"https:\/\/www.manifestacom.com\/es\/wp-json\/wp\/v2\/media\/1286"}],"wp:attachment":[{"href":"https:\/\/www.manifestacom.com\/es\/wp-json\/wp\/v2\/media?parent=1530"}],"wp:term":[{"taxonomy":"category","embeddable":true,"href":"https:\/\/www.manifestacom.com\/es\/wp-json\/wp\/v2\/categories?post=1530"},{"taxonomy":"post_tag","embeddable":true,"href":"https:\/\/www.manifestacom.com\/es\/wp-json\/wp\/v2\/tags?post=1530"},{"taxonomy":"home_featured","embeddable":true,"href":"https:\/\/www.manifestacom.com\/es\/wp-json\/wp\/v2\/home_featured?post=1530"}],"curies":[{"name":"wp","href":"https:\/\/api.w.org\/{rel}","templated":true}]}}