{"id":1533,"date":"2012-12-12T04:13:06","date_gmt":"2012-12-12T04:13:06","guid":{"rendered":"http:\/\/www.manifestacom.com\/unidos-frente-a-la-reforma-judicial\/"},"modified":"2017-05-06T12:34:41","modified_gmt":"2017-05-06T12:34:41","slug":"unidos-frente-a-la-reforma-judicial","status":"publish","type":"post","link":"https:\/\/www.manifestacom.com\/es\/unidos-frente-a-la-reforma-judicial\/","title":{"rendered":"Unidos frente a la reforma judicial"},"content":{"rendered":"<p><a href=\"http:\/\/www.manifestacom.com\/2012\/12\/12\/castellano-la-comunidad-juridica-se-une-frente-a-las-reformas-del-ministerio\/justicia\/\" rel=\"attachment wp-att-1529\"><img loading=\"lazy\" decoding=\"async\" class=\"alignleft size-thumbnail wp-image-1529\" title=\"units enfront la reforma judicial\" src=\"http:\/\/www.manifestacom.com\/wp-content\/uploads\/2012\/12\/justicia-100x100.jpg\" alt=\"units enfront la reforma judicial\" width=\"100\" height=\"100\" \/><\/a>El mi\u00e9rcoles 12 de diciembre a las 12 h <a title=\"La Vanguardia\" href=\"http:\/\/www.lavanguardia.com\/politica\/20121212\/54357245706\/jueces-fiscales-protestan-paro-reformas-gallardon.html\" target=\"_blank\">se ha hecho efectivo el paro de una hora en las sedes judiciales del Estado<\/a>. El motivo esgrimido por la comunidad jur\u00eddica no es otro que el rechazo a la bater\u00eda de reformas puestas en marcha en los \u00faltimos meses por el Ministerio de Justicia. La denuncia com\u00fan, que <a title=\"El Peri\u00f3dico\" href=\"http:\/\/http:\/\/www.elperiodico.com\/es\/noticias\/sociedad\/protesta-contra-las-reformas-judiciales-del-gobierno-2269704\" target=\"_blank\">por primera vez ha unido mayoritariamente a los diversos colectivos judiciales<\/a>, es que estas nuevas medidas dificultan el acceso a la justicia gratuita de una parte importante de la poblaci\u00f3n, acuciada por las penurias econ\u00f3micas de la crisis.<\/p>\n<p>Seg\u00fan jueces, fiscales, abogados y procuradores, adem\u00e1s de una parte de los usuarios, las reformas conllevan que la justicia deje de ser un servicio p\u00fablico gratuito para ser cada vez m\u00e1s caro adem\u00e1s de excluir de las causas de posibles liberaciones de pagos a la clase media. Entre ellas destacan el pago de tasas judiciales a parte de los honorarios de abogados y procuradores, y la p\u00e9rdida de competencias del registro civil a favor de registradores de la propiedad y notarios.<\/p>\n<p>Por su parte, el ministro de Justicia Alberto Ruiz-Gallard\u00f3n, quien ya no es un\u00a0 \u201cinterlocutor v\u00e1lido\u201d para los colectivos judiciales, ha defendido las medidas como necesarias para disminuir el alto n\u00famero de litigios que se da en Espa\u00f1a y ha negado que la reforma del registro civil sea privatizadora, dado que registradores y notarios son funcionarios.<\/p>\n<p>El ministro cree estar frente a una nueva protesta corporativa originada por la eliminaci\u00f3n de la paga extra y de la figura de los jueces sustitutos y el recorte de 18 a 12 d\u00edas de asuntos personales. De hecho, si se confirma la huelga convocada para enero, \u00e9sta ser\u00e1 la tercera vez que los jueces secunden una protesta a pesar de <a title=\"El Pa\u00eds\" href=\"http:\/\/politica.elpais.com\/politica\/2012\/12\/11\/actualidad\/1355261674_066262.html\" target=\"_blank\">no existir legislaci\u00f3n sobre el derecho a huelga del tercer poder<\/a>.<\/p>\n<p>\u00bfPor la justicia universal o a favor de intereses corporativos? Lo cierto es que al final es la justicia la que la vuelve a sufrir un nuevo ataque. Se acrecientna as\u00ed la ineficacia, la dificultad para el acceso y el precio de este servicio p\u00fablico.<\/p>\n","protected":false},"excerpt":{"rendered":"<p>El mi\u00e9rcoles 12 de diciembre a las 12 h se ha hecho efectivo el paro de una hora en las sedes judiciales del Estado. El motivo esgrimido por la comunidad jur\u00eddica no es otro que el rechazo a la bater\u00eda de reformas puestas en marcha&#8230;<\/p>\n","protected":false},"author":1,"featured_media":1295,"comment_status":"open","ping_status":"open","sticky":false,"template":"","format":"standard","meta":{"footnotes":""},"categories":[422],"tags":[401],"home_featured":[],"class_list":["post-1533","post","type-post","status-publish","format-standard","has-post-thumbnail","hentry","category-la-noticia-y-el-comentario","tag-justicia"],"acf":[],"_links":{"self":[{"href":"https:\/\/www.manifestacom.com\/es\/wp-json\/wp\/v2\/posts\/1533","targetHints":{"allow":["GET"]}}],"collection":[{"href":"https:\/\/www.manifestacom.com\/es\/wp-json\/wp\/v2\/posts"}],"about":[{"href":"https:\/\/www.manifestacom.com\/es\/wp-json\/wp\/v2\/types\/post"}],"author":[{"embeddable":true,"href":"https:\/\/www.manifestacom.com\/es\/wp-json\/wp\/v2\/users\/1"}],"replies":[{"embeddable":true,"href":"https:\/\/www.manifestacom.com\/es\/wp-json\/wp\/v2\/comments?post=1533"}],"version-history":[{"count":1,"href":"https:\/\/www.manifestacom.com\/es\/wp-json\/wp\/v2\/posts\/1533\/revisions"}],"predecessor-version":[{"id":1632,"href":"https:\/\/www.manifestacom.com\/es\/wp-json\/wp\/v2\/posts\/1533\/revisions\/1632"}],"wp:featuredmedia":[{"embeddable":true,"href":"https:\/\/www.manifestacom.com\/es\/wp-json\/wp\/v2\/media\/1295"}],"wp:attachment":[{"href":"https:\/\/www.manifestacom.com\/es\/wp-json\/wp\/v2\/media?parent=1533"}],"wp:term":[{"taxonomy":"category","embeddable":true,"href":"https:\/\/www.manifestacom.com\/es\/wp-json\/wp\/v2\/categories?post=1533"},{"taxonomy":"post_tag","embeddable":true,"href":"https:\/\/www.manifestacom.com\/es\/wp-json\/wp\/v2\/tags?post=1533"},{"taxonomy":"home_featured","embeddable":true,"href":"https:\/\/www.manifestacom.com\/es\/wp-json\/wp\/v2\/home_featured?post=1533"}],"curies":[{"name":"wp","href":"https:\/\/api.w.org\/{rel}","templated":true}]}}