{"id":1536,"date":"2013-06-18T21:11:46","date_gmt":"2013-06-18T21:11:46","guid":{"rendered":"http:\/\/www.manifestacom.com\/vigilancia-online-y-derechos-civiles-el-internet-que-queremos\/"},"modified":"2017-05-17T11:30:34","modified_gmt":"2017-05-17T11:30:34","slug":"vigilancia-online-y-derechos-civiles-el-internet-que-queremos","status":"publish","type":"post","link":"https:\/\/www.manifestacom.com\/es\/vigilancia-online-y-derechos-civiles-el-internet-que-queremos\/","title":{"rendered":"Vigilancia online y derechos civiles: el Internet que queremos"},"content":{"rendered":"<p>Hace d\u00edas que el caso de espionaje en Estados Unidos copa titulares en todo el mundo. Las filtraciones de Edward Snowden, trabajador de una subcontrata de la Agencia de Seguridad Nacional de EEUU, ha desvelado el programa secreto de vigilancia del gobierno estadounidense, que permite registrar y analizar los datos generados por la actividad de los usuarios de Internet, no s\u00f3lo estadounidenses.<\/p>\n<p>Una de las informaciones m\u00e1s impactantes ha sido la colaboraci\u00f3n de los gigantes de Internet que facilitan el acceso a los datos de los usuarios, como Facebook, Google, Yahoo! o Skype. Compa\u00f1\u00edas que forman parte de la vida cotidiana de miles de millones de personas de todo el mundo, que gestionan nuestras comunicaciones m\u00e1s \u00edntimas y que constituyen un canal de expresi\u00f3n e interacci\u00f3n sin precedentes.<\/p>\n<p>Internet ha demostrado ser una magn\u00edfica plataforma para la innovaci\u00f3n, la organizaci\u00f3n de la sociedad civil, la internacionalizaci\u00f3n y la comunicaci\u00f3n global. Pero lo es tambi\u00e9n para la difusi\u00f3n de discursos de odio, <a href=\"http:\/\/punttic.cat\/enquesta_facua_menors_xarxes_socials\">acoso<\/a> y los abusos contra derechos fundamentales como la libertad de expresi\u00f3n y la privacidad, tanto por parte de compa\u00f1\u00edas privadas como de <a href=\"http:\/\/googleblog.blogspot.com.es\/2013\/04\/transparency-report-more-government.html\">gobiernos<\/a>.<\/p>\n<p>La necesaria regulaci\u00f3n de Internet, uno de los mayores retos pol\u00edticos de este siglo, debe garantizar la protecci\u00f3n de los derechos civiles y establecer los mecanismos de control democr\u00e1tico que aseguren que gobiernos y compa\u00f1\u00edas los respetan. El car\u00e1cter global de la red, sin embargo, hace este reto especialmente complejo. Para ello se han creado instituciones independientes como la <a href=\"http:\/\/www.globalnetworkinitiative.org\/about\/index.php\">Global Network Initiative<\/a>, que busca impulsar el compromiso de las grandes compa\u00f1\u00edas del sector de las TIC con los derechos a la libertad de expresi\u00f3n ya la privacidad, independientemente de las presiones que reciban de los distintos gobiernos.<\/p>\n<p>Mientras tanto, cualquier cosa menos indiferencia. Todos los sectores sociales seremos <a href=\"http:\/\/www.enriquedans.com\/2012\/06\/no-sin-nuestro-consentimiento-de-rebecca-mackinnon-un-libro-fundamental.html\">responsables<\/a> del mundo que vendr\u00e1 y las comunicaciones, bien lo sab\u00e9is, tienen reservado un papel protagonista.<\/p>\n<p><a href=\"http:\/\/www.manifestacom.com\/2013\/06\/18\/vigilancia-online-i-drets-civils-la-internet-que-volem\/cia-sede-epa-644x362\/\" rel=\"attachment wp-att-1902\"><img loading=\"lazy\" decoding=\"async\" class=\"aligncenter size-full wp-image-1902\" title=\"cia-sede-epa--644x362\" src=\"http:\/\/www.manifestacom.com\/wp-content\/uploads\/2013\/06\/cia-sede-epa-644x362.jpg\" alt=\"\" width=\"644\" height=\"362\" \/><\/a><\/p>\n","protected":false},"excerpt":{"rendered":"<p>Hace d\u00edas que el caso de espionaje en Estados Unidos copa titulares en todo el mundo. Las filtraciones de Edward Snowden, trabajador de una subcontrata de la Agencia de Seguridad Nacional de EEUU, ha desvelado el programa secreto de vigilancia del gobierno estadounidense, que permite&#8230;<\/p>\n","protected":false},"author":1,"featured_media":1304,"comment_status":"open","ping_status":"open","sticky":false,"template":"","format":"standard","meta":{"footnotes":""},"categories":[421],"tags":[437,403,165,101,54,97],"home_featured":[],"class_list":["post-1536","post","type-post","status-publish","format-standard","has-post-thumbnail","hentry","category-el-post-es","tag-internet-es","tag-drets-fonamentals","tag-xarxes","tag-facebook","tag-politica","tag-social-media"],"acf":[],"_links":{"self":[{"href":"https:\/\/www.manifestacom.com\/es\/wp-json\/wp\/v2\/posts\/1536","targetHints":{"allow":["GET"]}}],"collection":[{"href":"https:\/\/www.manifestacom.com\/es\/wp-json\/wp\/v2\/posts"}],"about":[{"href":"https:\/\/www.manifestacom.com\/es\/wp-json\/wp\/v2\/types\/post"}],"author":[{"embeddable":true,"href":"https:\/\/www.manifestacom.com\/es\/wp-json\/wp\/v2\/users\/1"}],"replies":[{"embeddable":true,"href":"https:\/\/www.manifestacom.com\/es\/wp-json\/wp\/v2\/comments?post=1536"}],"version-history":[{"count":1,"href":"https:\/\/www.manifestacom.com\/es\/wp-json\/wp\/v2\/posts\/1536\/revisions"}],"predecessor-version":[{"id":1974,"href":"https:\/\/www.manifestacom.com\/es\/wp-json\/wp\/v2\/posts\/1536\/revisions\/1974"}],"wp:featuredmedia":[{"embeddable":true,"href":"https:\/\/www.manifestacom.com\/es\/wp-json\/wp\/v2\/media\/1304"}],"wp:attachment":[{"href":"https:\/\/www.manifestacom.com\/es\/wp-json\/wp\/v2\/media?parent=1536"}],"wp:term":[{"taxonomy":"category","embeddable":true,"href":"https:\/\/www.manifestacom.com\/es\/wp-json\/wp\/v2\/categories?post=1536"},{"taxonomy":"post_tag","embeddable":true,"href":"https:\/\/www.manifestacom.com\/es\/wp-json\/wp\/v2\/tags?post=1536"},{"taxonomy":"home_featured","embeddable":true,"href":"https:\/\/www.manifestacom.com\/es\/wp-json\/wp\/v2\/home_featured?post=1536"}],"curies":[{"name":"wp","href":"https:\/\/api.w.org\/{rel}","templated":true}]}}