{"id":1537,"date":"2017-03-03T14:53:39","date_gmt":"2017-03-03T14:53:39","guid":{"rendered":"http:\/\/www.manifestacom.com\/viralidad-y-ciudadania\/"},"modified":"2017-05-18T16:04:04","modified_gmt":"2017-05-18T16:04:04","slug":"viralidad-y-ciudadania","status":"publish","type":"post","link":"https:\/\/www.manifestacom.com\/es\/viralidad-y-ciudadania\/","title":{"rendered":"Viralidad y ciudadan\u00eda"},"content":{"rendered":"<p><a href=\"http:\/\/www.manifestacom.com\/wp-content\/uploads\/2017\/03\/internet.jpg\"><img loading=\"lazy\" decoding=\"async\" class=\"alignleft wp-image-3155\" title=\"internet\" src=\"http:\/\/www.manifestacom.com\/wp-content\/uploads\/2017\/03\/internet.jpg\" alt=\"\" width=\"275\" height=\"183\" \/><\/a>A medida que nos adentramos en esta era digital, surgen reflexiones necesarias sobre c\u00f3mo los ciudadanos deben actuar ante ciertas situaciones que est\u00e1n convirti\u00e9ndose en parte del d\u00eda a d\u00eda. La prensa habla estos d\u00edas, por ejemplo, del video catalogado como <a href=\"http:\/\/www.elperiodico.com\/es\/noticias\/sociedad\/viraliza-catalunya-video-una-agresion-sexual-bebe-5864394\" target=\"_blank\">pornograf\u00eda infantil<\/a> que se ha hecho viral v\u00eda Whatsapp entre la poblaci\u00f3n catalana. El v\u00eddeo, con duras im\u00e1genes de maltrato a un beb\u00e9, incluye un mensaje final en \u00e1rabe que apela al receptor, en especial a las mujeres, a compartirlo con el fin de localizar a la madre de la v\u00edctima.<\/p>\n<p>No es el \u00fanico caso en que contenidos sensibles se vuelven virales. Hace s\u00f3lo unos d\u00edas la prensa difund\u00eda la historia real detr\u00e1s de otro <a href=\"http:\/\/www.lavanguardia.com\/vida\/20170223\/42244087632\/youtube-historia-gif-hombre-neumatico-brasil.html\" target=\"_blank\">v\u00eddeo<\/a> difundido a trav\u00e9s de Whatsapp, que mostraba im\u00e1genes de una c\u00e1mara de seguridad donde un hombre era golpeado en Brasil por un neum\u00e1tico fuera de control.<\/p>\n<p>Por alguna raz\u00f3n, cuando vemos im\u00e1genes en el m\u00f3vil las percibimos m\u00e1s como una pel\u00edcula de ficci\u00f3n que como una situaci\u00f3n real, que puede haber provocado sufrimiento a otros seres humanos. La realidad, sin embargo, es que compartir seg\u00fan qu\u00e9 contenidos puede tener consecuencias legales, tal como han advertido los Mossos a ra\u00edz del caso del v\u00eddeo de la agresi\u00f3n al beb\u00e9.<\/p>\n<p>A pesar de hacerlo con buenas intenciones, compartir archivos no deja de contribuir a la difusi\u00f3n de pornograf\u00eda infantil, y puede por tanto constituir un delito. El C\u00f3digo Penal establece que la distribuci\u00f3n, exhibici\u00f3n, ofrecimiento o facilitaci\u00f3n de la difusi\u00f3n de pornograf\u00eda infantil supone un delito al que corresponde una pena de hasta cinco a\u00f1os de privaci\u00f3n de libertad.<\/p>\n<p>La reacci\u00f3n recomendada para los ciudadanos que reciban un v\u00eddeo con im\u00e1genes que puedan ser catalogadas como pornograf\u00eda infantil es denunciar los hechos inmediatamente a la polic\u00eda (internetsegura@gencat.cat), y nunca participar en la cadena de reenv\u00edos.<\/p>\n","protected":false},"excerpt":{"rendered":"<p>A medida que nos adentramos en esta era digital, surgen reflexiones necesarias sobre c\u00f3mo los ciudadanos deben actuar ante ciertas situaciones que est\u00e1n convirti\u00e9ndose en parte del d\u00eda a d\u00eda. La prensa habla estos d\u00edas, por ejemplo, del video catalogado como pornograf\u00eda infantil que se&#8230;<\/p>\n","protected":false},"author":1,"featured_media":1307,"comment_status":"open","ping_status":"open","sticky":false,"template":"","format":"standard","meta":{"footnotes":""},"categories":[422],"tags":[443,437,404,238,227],"home_featured":[],"class_list":["post-1537","post","type-post","status-publish","format-standard","has-post-thumbnail","hentry","category-la-noticia-y-el-comentario","tag-xarxes-socials-es","tag-internet-es","tag-civisme","tag-seguretat","tag-viralitat"],"acf":[],"_links":{"self":[{"href":"https:\/\/www.manifestacom.com\/es\/wp-json\/wp\/v2\/posts\/1537","targetHints":{"allow":["GET"]}}],"collection":[{"href":"https:\/\/www.manifestacom.com\/es\/wp-json\/wp\/v2\/posts"}],"about":[{"href":"https:\/\/www.manifestacom.com\/es\/wp-json\/wp\/v2\/types\/post"}],"author":[{"embeddable":true,"href":"https:\/\/www.manifestacom.com\/es\/wp-json\/wp\/v2\/users\/1"}],"replies":[{"embeddable":true,"href":"https:\/\/www.manifestacom.com\/es\/wp-json\/wp\/v2\/comments?post=1537"}],"version-history":[{"count":1,"href":"https:\/\/www.manifestacom.com\/es\/wp-json\/wp\/v2\/posts\/1537\/revisions"}],"predecessor-version":[{"id":1830,"href":"https:\/\/www.manifestacom.com\/es\/wp-json\/wp\/v2\/posts\/1537\/revisions\/1830"}],"wp:featuredmedia":[{"embeddable":true,"href":"https:\/\/www.manifestacom.com\/es\/wp-json\/wp\/v2\/media\/1307"}],"wp:attachment":[{"href":"https:\/\/www.manifestacom.com\/es\/wp-json\/wp\/v2\/media?parent=1537"}],"wp:term":[{"taxonomy":"category","embeddable":true,"href":"https:\/\/www.manifestacom.com\/es\/wp-json\/wp\/v2\/categories?post=1537"},{"taxonomy":"post_tag","embeddable":true,"href":"https:\/\/www.manifestacom.com\/es\/wp-json\/wp\/v2\/tags?post=1537"},{"taxonomy":"home_featured","embeddable":true,"href":"https:\/\/www.manifestacom.com\/es\/wp-json\/wp\/v2\/home_featured?post=1537"}],"curies":[{"name":"wp","href":"https:\/\/api.w.org\/{rel}","templated":true}]}}