{"id":1538,"date":"2013-04-22T09:05:01","date_gmt":"2013-04-22T09:05:01","guid":{"rendered":"http:\/\/www.manifestacom.com\/queremos-trolls-en-los-equipos-de-comunicacion\/"},"modified":"2017-05-08T17:36:23","modified_gmt":"2017-05-08T17:36:23","slug":"queremos-trolls-en-los-equipos-de-comunicacion","status":"publish","type":"post","link":"https:\/\/www.manifestacom.com\/es\/queremos-trolls-en-los-equipos-de-comunicacion\/","title":{"rendered":"\u00bfQueremos trolls en los equipos de comunicaci\u00f3n?"},"content":{"rendered":"<p>Don&amp;#8217;t feed the trolls (\u00bfo s\u00ed?). Se ha escrito mucho sobre los &amp;#8216;trolls&amp;#8217; de Internet y c\u00f3mo tratarlos, tanto como usuarios de la red como desde la gesti\u00f3n de la comunicaci\u00f3n de empresas y organizaciones. Estos d\u00edas, sin embargo, un tipo diferente de troll ha invadido los titulares: los comentaristas encubiertos (voluntarios o asalariados) al servicio de una determinada marca u organizaci\u00f3n. Una pr\u00e1ctica que, por poco transparente, puede hacer mucho da\u00f1o tanto a los profesionales de la comunicaci\u00f3n como el espacio de comunicaci\u00f3n social que es Internet.<\/p>\n<p>&amp;#8220;Buenos d\u00edas, opinadores. Estas son las noticias del d\u00eda para comentar &amp;#8220;. As\u00ed comenzaba el <a href=\"http:\/\/www.diariodemallorca.es\/mallorca\/2013\/03\/15\/pp-instruye-opinadores-salvar-presidente\/832845.html\">&amp;#8220;lapsus mail&amp;#8221;<\/a> que ha desatado <a href=\"http:\/\/www.elmundo.es\/elmundo\/2013\/03\/15\/baleares\/1363344620.html\">el debate<\/a>. El 14 de marzo el Gabinete de Comunicaci\u00f3n del Partido Popular en las Islas Baleares envi\u00f3 un email dirigido a sus &amp;#8220;opinadores&amp;#8221; digitales justo a quien menos conven\u00eda que lo recibieran: los medios de comunicaci\u00f3n.<\/p>\n<p><a href=\"http:\/\/www.manifestacom.com\/?attachment_id=1741\" rel=\"attachment wp-att-1741\"><img loading=\"lazy\" decoding=\"async\" class=\"aligncenter size-full wp-image-1741\" title=\"Troll\" src=\"http:\/\/www.manifestacom.com\/wp-content\/uploads\/2013\/04\/Troll.jpg\" alt=\"\" width=\"300\" height=\"400\" \/><\/a><\/p>\n<p>El diario digital <a href=\"http:\/\/mallorcaconfidencial.com\/\">Mallorca Confidencial<\/a> public\u00f3 una <a href=\"http:\/\/mallorcaconfidencial.com\/20130315_103758-al-pp-se-le-cuela-en-un-correo-a-los-medios-la-estrategia-intoxicadora-en-los-digitales.html\">captura de pantalla<\/a> del email completo. El primer p\u00e1rrafo reza &amp;#8220;Si quieres tuitear la noticia os dejamos el tuit que pusimos ayer desde GPP [@ GrupPopularIB]. Y para comentar los digitales en la nota de prensa ten\u00e9is todos los argumentos para su defensa! [Del Presidente Bauz\u00e1] &amp;#8220;. Abajo, se incluyen los enlaces a los art\u00edculos publicados en diarios digitales que animan a comentar, principalmente de Mallorca Diario y El Mundo, los m\u00e1s cercanos al gobierno. En el blog internacional <a href=\"http:\/\/ca.globalvoicesonline.org\/2013\/03\/un-lapsus-mail-delata-en-espanya-els-trolls-a-sou-del-pp\/\">Global Voices<\/a> se puede leer el resumen del caso.<\/p>\n<p>La noticia se propag\u00f3 r\u00e1pidamente por las redes sociales, foros y diarios digitales, precisamente las v\u00edctimas m\u00e1s habituales de esta legi\u00f3n de opinadores, tambi\u00e9n llamados &amp;#8220;intoxicadores&amp;#8221; porque su identidad encubierta (o identidades, ya que a menudo utilizan varios usuarios por no generar sospechas) pervierte el foro para el debate p\u00fablico que es la red.<\/p>\n<p>Evidentemente, el caso del PP balear no es el \u00fanico. Hay quien piensa que no es tan mala idea alimentar a los trolls con un sueldo u otros tipos de compensaciones para asegurarse un ej\u00e9rcito de internautas al servicio de su marca. A todos ellos queremos recordarles que hace a\u00f1os que muchos profesionales de la comunicaci\u00f3n trabajamos para que se cumpla el c\u00f3digo \u00e9tico que rige nuestra actividad. Una actividad de mediaci\u00f3n entre empresas, instituciones y organizaciones y sus p\u00fablicos que consideramos necesaria para nuestra sociedad. La <a href=\"http:\/\/www.dircom.org\/\">Asociaci\u00f3n de Directivos de Comunicaci\u00f3n<\/a> ya aprob\u00f3 en 2002 <a href=\"http:\/\/www.dircom.org\/sobre-dircom\/codigo-etico\">un c\u00f3digo de conducta<\/a> de obligado cumplimiento para sus miembros, en la que, entre otras cosas, se se\u00f1ala que nuestro trabajo &amp;#8220;deber\u00e1 realizarse con honestidad, integridad y transparencia &amp;#8220;. No perdamos el norte.<\/p>\n<p><a href=\"http:\/\/www.diariodemallorca.es\/mallorca\/2013\/03\/15\/pp-instruye-opinadores-salvar-presidente\/832845.html\">http:\/\/www.diariodemallorca.es\/mallorca\/2013\/03\/15\/pp-instruye-opinadores-salvar-presidente\/832845.html<\/a><\/p>\n<p><a href=\"http:\/\/mallorcaconfidencial.com\/20130315_103758-al-pp-se-le-cuela-en-un-correo-a-los-medios-la-estrategia-intoxicadora-en-los-digitales.html\">http:\/\/mallorcaconfidencial.com\/20130315_103758-al-pp-se-le-cuela-en-un-correo-a-los-medios-la-estrategia-intoxicadora-en-los-digitales.html<\/a><\/p>\n<p><a href=\"http:\/\/www.elmundo.es\/elmundo\/2013\/03\/15\/baleares\/1363344620.html\">http:\/\/www.elmundo.es\/elmundo\/2013\/03\/15\/baleares\/1363344620.html<\/a><\/p>\n<p><a href=\"http:\/\/www.dircom.org\/Compromiso-etico\/compromiso-etico.html\">http:\/\/www.dircom.org\/Compromiso-etico\/compromiso-etico.html<\/a><\/p>\n<p><a href=\"http:\/\/www.eljueves.es\/2013\/03\/29\/hay_trolls_sueldo_del_pp.html\">http:\/\/www.eljueves.es\/2013\/03\/29\/hay_trolls_sueldo_del_pp.html<\/a><\/p>\n<p><a href=\"http:\/\/blogs.tercerainformacion.es\/diseccionandoelpais\/2013\/03\/16\/lapsusmail-buenos-dias-opinadores-estas-son-las-noticias-para-comentar\/\">http:\/\/blogs.tercerainformacion.es\/diseccionandoelpais\/2013\/03\/16\/lapsusmail-buenos-dias-opinadores-estas-son-las-noticias-para-comentar\/<\/a><\/p>\n","protected":false},"excerpt":{"rendered":"<p>Don&amp;#8217;t feed the trolls (\u00bfo s\u00ed?). Se ha escrito mucho sobre los &amp;#8216;trolls&amp;#8217; de Internet y c\u00f3mo tratarlos, tanto como usuarios de la red como desde la gesti\u00f3n de la comunicaci\u00f3n de empresas y organizaciones. Estos d\u00edas, sin embargo, un tipo diferente de troll ha&#8230;<\/p>\n","protected":false},"author":1,"featured_media":1310,"comment_status":"open","ping_status":"open","sticky":false,"template":"","format":"standard","meta":{"footnotes":""},"categories":[421],"tags":[163,44,52,53,96,51],"home_featured":[],"class_list":["post-1538","post","type-post","status-publish","format-standard","has-post-thumbnail","hentry","category-el-post-es","tag-reputacio","tag-digital","tag-comunicacio-politica","tag-percepcio-publica","tag-corporatiu","tag-comunicacio-de-crisi"],"acf":[],"_links":{"self":[{"href":"https:\/\/www.manifestacom.com\/es\/wp-json\/wp\/v2\/posts\/1538","targetHints":{"allow":["GET"]}}],"collection":[{"href":"https:\/\/www.manifestacom.com\/es\/wp-json\/wp\/v2\/posts"}],"about":[{"href":"https:\/\/www.manifestacom.com\/es\/wp-json\/wp\/v2\/types\/post"}],"author":[{"embeddable":true,"href":"https:\/\/www.manifestacom.com\/es\/wp-json\/wp\/v2\/users\/1"}],"replies":[{"embeddable":true,"href":"https:\/\/www.manifestacom.com\/es\/wp-json\/wp\/v2\/comments?post=1538"}],"version-history":[{"count":1,"href":"https:\/\/www.manifestacom.com\/es\/wp-json\/wp\/v2\/posts\/1538\/revisions"}],"predecessor-version":[{"id":1727,"href":"https:\/\/www.manifestacom.com\/es\/wp-json\/wp\/v2\/posts\/1538\/revisions\/1727"}],"wp:featuredmedia":[{"embeddable":true,"href":"https:\/\/www.manifestacom.com\/es\/wp-json\/wp\/v2\/media\/1310"}],"wp:attachment":[{"href":"https:\/\/www.manifestacom.com\/es\/wp-json\/wp\/v2\/media?parent=1538"}],"wp:term":[{"taxonomy":"category","embeddable":true,"href":"https:\/\/www.manifestacom.com\/es\/wp-json\/wp\/v2\/categories?post=1538"},{"taxonomy":"post_tag","embeddable":true,"href":"https:\/\/www.manifestacom.com\/es\/wp-json\/wp\/v2\/tags?post=1538"},{"taxonomy":"home_featured","embeddable":true,"href":"https:\/\/www.manifestacom.com\/es\/wp-json\/wp\/v2\/home_featured?post=1538"}],"curies":[{"name":"wp","href":"https:\/\/api.w.org\/{rel}","templated":true}]}}