{"id":1541,"date":"2016-07-01T16:08:01","date_gmt":"2016-07-01T16:08:01","guid":{"rendered":"http:\/\/www.manifestacom.com\/redes-sociales-estamos-mas-conectados-o-mas-desconectados\/"},"modified":"2017-05-08T18:26:16","modified_gmt":"2017-05-08T18:26:16","slug":"redes-sociales-estamos-mas-conectados-o-mas-desconectados","status":"publish","type":"post","link":"https:\/\/www.manifestacom.com\/es\/redes-sociales-estamos-mas-conectados-o-mas-desconectados\/","title":{"rendered":"Redes sociales: \u00bfestamos m\u00e1s conectados o m\u00e1s desconectados?"},"content":{"rendered":"<p>Es la era de la comunicaci\u00f3n. Cada vez somos m\u00e1s en las redes sociales, conectados a millones de personas en todo el mundo, y a los familiares y amigos que no tenemos cerca. Compartimos noticias, ideas, inquietudes, estados de \u00e1nimo. \u00a1A veces incluso compartimos lo que comemos! Las redes nos han revolucionado la vida, el ocio y el negocio. Son muy \u00fatiles, nadie lo puede negar. Pero\u2026 \u00bfnos estamos pasando de la raya? \u00bfNos hemos hecho adictos? \u00bfCu\u00e1les son las consecuencias?<\/p>\n<p>En eso estaba pensando el fot\u00f3grafo de Nueva York <a href=\"http:\/\/www.ericpickersgill.com\/#studio\" target=\"_blank\">Eric Pickersgill <\/a>cuando una ma\u00f1ana, en una cafeter\u00eda de barrio, tuvo la idea para el trabajo que hoy compartimos: <a href=\"http:\/\/www.removed.social\/\" target=\"_blank\"><em>Removed<\/em><\/a>, una serie de fotograf\u00edas de escenas cotidianas de las que el han sido eliminados los <em>smartphones<\/em>.<\/p>\n<p>Aquella ma\u00f1ana, Pickersgill observ\u00f3 una inquietante escena que ya nos resulta muy familiar a todos:<\/p>\n<p>\u201cLa familia de la mesa de al lado, en la cafeter\u00eda Illium en Troy, Nueva York, \u00a1est\u00e1 tan desconectada! No hablan mucho. El padre y las dos hijas tienen sus tel\u00e9fonos en la mano. La madre o no tiene o ha elegido no sacarlo. Mira por la ventana, triste y sola en compa\u00f1\u00eda de su familia m\u00e1s cercana. El padre de vez en cuando levanta la mirada para anunciar alguna oscura noticia que ha encontrado en l\u00ednea. Dos veces menciona la captura de un pez de grandes dimensiones. Nadie le responde. Me entristece este uso de la tecnolog\u00eda para buscar interacci\u00f3n a cambio de no interactuar. Esto no hab\u00eda pasado nunca antes y dudo que hayamos apenas percibido ni siquiera la superficie del impacto social de esta nueva experiencia. La madre ya se ha sacado el m\u00f3vil\u201d.<\/p>\n<p>Suena extremo, pero ocurre con frecuencia. Quiz\u00e1s sabemos al detalle la vida de algunas personas (que quiz\u00e1s tenemos lejos, que quiz\u00e1 no nos importan mucho) porque la explican en Facebook, y quiz\u00e1s no sabemos tanto de las personas que tenemos cerca, que viven con nosotros. Cuando estamos en el m\u00f3vil, no estamos ni aqu\u00ed ni en el ahora, estamos en alguna otra parte, y tal vez en un futuro de \u201cme gusta\u201d y \u201cshares\u201d.<\/p>\n<p>Aqu\u00ed os dejamos una muestra de las im\u00e1genes de la serie. Para ver m\u00e1s, pueden visitar la web del proyecto.<\/p>\n<p><a href=\"http:\/\/www.manifestacom.com\/wp-content\/uploads\/2016\/07\/REmoved1.jpg\"><img loading=\"lazy\" decoding=\"async\" title=\"REmoved1\" src=\"http:\/\/www.manifestacom.com\/wp-content\/uploads\/2016\/07\/REmoved1-580x464.jpg\" alt=\"\" width=\"580\" height=\"464\" \/><\/a><\/p>\n<p><a href=\"http:\/\/www.manifestacom.com\/wp-content\/uploads\/2016\/07\/removed2.jpg\"><img loading=\"lazy\" decoding=\"async\" title=\"removed2\" src=\"http:\/\/www.manifestacom.com\/wp-content\/uploads\/2016\/07\/removed2-464x580.jpg\" alt=\"\" width=\"464\" height=\"580\" \/><\/a><\/p>\n<p><a href=\"http:\/\/www.manifestacom.com\/wp-content\/uploads\/2016\/07\/removed3.jpg\"><img loading=\"lazy\" decoding=\"async\" title=\"removed3\" src=\"http:\/\/www.manifestacom.com\/wp-content\/uploads\/2016\/07\/removed3-580x464.jpg\" alt=\"\" width=\"580\" height=\"464\" \/><\/a><\/p>\n<p><a href=\"http:\/\/www.manifestacom.com\/wp-content\/uploads\/2016\/07\/removed4.jpg\"><img loading=\"lazy\" decoding=\"async\" title=\"removed4\" src=\"http:\/\/www.manifestacom.com\/wp-content\/uploads\/2016\/07\/removed4-580x464.jpg\" alt=\"\" width=\"580\" height=\"464\" \/><\/a><\/p>\n<p><a href=\"http:\/\/www.manifestacom.com\/wp-content\/uploads\/2016\/07\/removed5.jpg\"><img loading=\"lazy\" decoding=\"async\" title=\"removed5\" src=\"http:\/\/www.manifestacom.com\/wp-content\/uploads\/2016\/07\/removed5-580x464.jpg\" alt=\"\" width=\"580\" height=\"464\" \/><\/a><\/p>\n<p><a href=\"http:\/\/www.manifestacom.com\/wp-content\/uploads\/2016\/07\/removed6.jpg\"><img loading=\"lazy\" decoding=\"async\" title=\"removed6\" src=\"http:\/\/www.manifestacom.com\/wp-content\/uploads\/2016\/07\/removed6-580x464.jpg\" alt=\"\" width=\"580\" height=\"464\" \/><\/a><\/p>\n","protected":false},"excerpt":{"rendered":"<p>Es la era de la comunicaci\u00f3n. Cada vez somos m\u00e1s en las redes sociales, conectados a millones de personas en todo el mundo, y a los familiares y amigos que no tenemos cerca. Compartimos noticias, ideas, inquietudes, estados de \u00e1nimo. \u00a1A veces incluso compartimos lo&#8230;<\/p>\n","protected":false},"author":1,"featured_media":182,"comment_status":"open","ping_status":"open","sticky":false,"template":"","format":"standard","meta":{"footnotes":""},"categories":[421],"tags":[411,412,413,248,49],"home_featured":[],"class_list":["post-1541","post","type-post","status-publish","format-standard","has-post-thumbnail","hentry","category-el-post-es","tag-familia","tag-interaccio","tag-relacions-humanes","tag-fotografia","tag-xarxes-socials"],"acf":[],"_links":{"self":[{"href":"https:\/\/www.manifestacom.com\/es\/wp-json\/wp\/v2\/posts\/1541","targetHints":{"allow":["GET"]}}],"collection":[{"href":"https:\/\/www.manifestacom.com\/es\/wp-json\/wp\/v2\/posts"}],"about":[{"href":"https:\/\/www.manifestacom.com\/es\/wp-json\/wp\/v2\/types\/post"}],"author":[{"embeddable":true,"href":"https:\/\/www.manifestacom.com\/es\/wp-json\/wp\/v2\/users\/1"}],"replies":[{"embeddable":true,"href":"https:\/\/www.manifestacom.com\/es\/wp-json\/wp\/v2\/comments?post=1541"}],"version-history":[{"count":1,"href":"https:\/\/www.manifestacom.com\/es\/wp-json\/wp\/v2\/posts\/1541\/revisions"}],"predecessor-version":[{"id":1634,"href":"https:\/\/www.manifestacom.com\/es\/wp-json\/wp\/v2\/posts\/1541\/revisions\/1634"}],"wp:featuredmedia":[{"embeddable":true,"href":"https:\/\/www.manifestacom.com\/es\/wp-json\/wp\/v2\/media\/182"}],"wp:attachment":[{"href":"https:\/\/www.manifestacom.com\/es\/wp-json\/wp\/v2\/media?parent=1541"}],"wp:term":[{"taxonomy":"category","embeddable":true,"href":"https:\/\/www.manifestacom.com\/es\/wp-json\/wp\/v2\/categories?post=1541"},{"taxonomy":"post_tag","embeddable":true,"href":"https:\/\/www.manifestacom.com\/es\/wp-json\/wp\/v2\/tags?post=1541"},{"taxonomy":"home_featured","embeddable":true,"href":"https:\/\/www.manifestacom.com\/es\/wp-json\/wp\/v2\/home_featured?post=1541"}],"curies":[{"name":"wp","href":"https:\/\/api.w.org\/{rel}","templated":true}]}}