{"id":1544,"date":"2013-05-13T20:38:07","date_gmt":"2013-05-13T20:38:07","guid":{"rendered":"http:\/\/www.manifestacom.com\/georges-melies-la-magia-del-cine-en-el-caixaforum\/"},"modified":"2017-05-11T14:37:05","modified_gmt":"2017-05-11T14:37:05","slug":"georges-melies-la-magia-del-cine-en-el-caixaforum","status":"publish","type":"post","link":"https:\/\/www.manifestacom.com\/es\/georges-melies-la-magia-del-cine-en-el-caixaforum\/","title":{"rendered":"\u201cGeorges M\u00e9li\u00e8s, la magia del cine\u201d en el CaixaForum"},"content":{"rendered":"<p>Hasta el 24 de junio, en el <a href=\"http:\/\/obrasocial.lacaixa.es\/nuestroscentros\/caixaforumbarcelona\/georgesmelies_es.html\">CaixaForum de Barcelona<\/a>, tenemos la oportunidad de ver la exposici\u00f3n \u201c<a href=\"http:\/\/es.wikipedia.org\/wiki\/Georges_M%C3%A9li%C3%A8s\">Georges M\u00e9li\u00e8s<\/a>, la magia del cine\u201d un recorrido por el extraordinario mundo de este creador, uno de los m\u00e1s grandes de la historia del cine. La exposici\u00f3n, adem\u00e1s de mostrar la obra y la vida de M\u00e9li\u00e8s, nos acerca a la evoluci\u00f3n de la proyecci\u00f3n de im\u00e1genes para narrar historias, desde los espect\u00e1culos de sombras hasta los primeros cinemat\u00f3grafos, pasando por las linternas m\u00e1gicas, a trav\u00e9s de una espl\u00e9ndida muestra de aparatos, carteles y documentos de la Cin\u00e9math\u00e8que Fran\u00e7aise.<\/p>\n<p>Altamente recomendable para todos los p\u00fablicos\u2026 especialmente si antes de la visita vemos la pel\u00edcula <a href=\"http:\/\/es.wikipedia.org\/wiki\/Hugo_(pel%C3%ADcula)\">\u201cHugo\u201d de Martin Scorsese<\/a>.<\/p>\n<p>En este link puedes ver la versi\u00f3n restaurada y a color de su obra m\u00e1s conocida <a href=\"http:\/\/www.youtube.com\/watch?v=0FyP2HP4gUI\">\u201cViaje a la Luna\u201d.<\/a><\/p>\n<p><a href=\"http:\/\/www.manifestacom.com\/2013\/05\/13\/georges-melies-la-magia-del-cinema-al-caixaforum\/img_2485\/\" rel=\"attachment wp-att-1793\"><img loading=\"lazy\" decoding=\"async\" class=\"aligncenter size-large wp-image-1793\" title=\"IMG_2485\" src=\"http:\/\/www.manifestacom.com\/wp-content\/uploads\/2013\/05\/IMG_2485-1024x1024.jpg\" alt=\"\" width=\"1024\" height=\"1024\" \/><\/a><\/p>\n","protected":false},"excerpt":{"rendered":"<p>Hasta el 24 de junio, en el CaixaForum de Barcelona, tenemos la oportunidad de ver la exposici\u00f3n \u201cGeorges M\u00e9li\u00e8s, la magia del cine\u201d un recorrido por el extraordinario mundo de este creador, uno de los m\u00e1s grandes de la historia del cine. La exposici\u00f3n, adem\u00e1s&#8230;<\/p>\n","protected":false},"author":1,"featured_media":1322,"comment_status":"open","ping_status":"open","sticky":false,"template":"","format":"standard","meta":{"footnotes":""},"categories":[32],"tags":[],"home_featured":[],"class_list":["post-1544","post","type-post","status-publish","format-standard","has-post-thumbnail","hentry","category-manifesta-recomienda"],"acf":[],"_links":{"self":[{"href":"https:\/\/www.manifestacom.com\/es\/wp-json\/wp\/v2\/posts\/1544","targetHints":{"allow":["GET"]}}],"collection":[{"href":"https:\/\/www.manifestacom.com\/es\/wp-json\/wp\/v2\/posts"}],"about":[{"href":"https:\/\/www.manifestacom.com\/es\/wp-json\/wp\/v2\/types\/post"}],"author":[{"embeddable":true,"href":"https:\/\/www.manifestacom.com\/es\/wp-json\/wp\/v2\/users\/1"}],"replies":[{"embeddable":true,"href":"https:\/\/www.manifestacom.com\/es\/wp-json\/wp\/v2\/comments?post=1544"}],"version-history":[{"count":1,"href":"https:\/\/www.manifestacom.com\/es\/wp-json\/wp\/v2\/posts\/1544\/revisions"}],"predecessor-version":[{"id":1907,"href":"https:\/\/www.manifestacom.com\/es\/wp-json\/wp\/v2\/posts\/1544\/revisions\/1907"}],"wp:featuredmedia":[{"embeddable":true,"href":"https:\/\/www.manifestacom.com\/es\/wp-json\/wp\/v2\/media\/1322"}],"wp:attachment":[{"href":"https:\/\/www.manifestacom.com\/es\/wp-json\/wp\/v2\/media?parent=1544"}],"wp:term":[{"taxonomy":"category","embeddable":true,"href":"https:\/\/www.manifestacom.com\/es\/wp-json\/wp\/v2\/categories?post=1544"},{"taxonomy":"post_tag","embeddable":true,"href":"https:\/\/www.manifestacom.com\/es\/wp-json\/wp\/v2\/tags?post=1544"},{"taxonomy":"home_featured","embeddable":true,"href":"https:\/\/www.manifestacom.com\/es\/wp-json\/wp\/v2\/home_featured?post=1544"}],"curies":[{"name":"wp","href":"https:\/\/api.w.org\/{rel}","templated":true}]}}